{"id":1276,"date":"2015-07-30T14:22:20","date_gmt":"2015-07-30T14:22:20","guid":{"rendered":"http:\/\/cilantroandcitronella.com\/?p=1276"},"modified":"2019-09-04T10:36:45","modified_gmt":"2019-09-04T10:36:45","slug":"berenjenas-rellenas-a-la-provenzal","status":"publish","type":"post","link":"https:\/\/www.cilantroandcitronella.com\/es\/berenjenas-rellenas-a-la-provenzal\/","title":{"rendered":"Berenjenas Rellenas Veganas a la Provenzal"},"content":{"rendered":"<p>Estas berenjenas rellenas veganas llevan de un arco iris de verduras y son repletos de los sabores del sur de Francia. Berenjenas cremosas asadas con verduras frescas de verano, una salsa de tomate casera, hierbas mediterr\u00e1neas y decoradas de pan rallado tostado y crujiente. Este plato delicioso es f\u00e1cil de preparar y perfecto para un plato principal vegetariano o vegano.<\/p>\n<p><img loading=\"lazy\" decoding=\"async\" class=\"aligncenter size-full wp-image-5401\" src=\"https:\/\/www.cilantroandcitronella.com\/wp-content\/uploads\/2015\/04\/vegan-stuffed-eggplant-picture.jpg\" alt=\"Estas berenjenas rellenas veganas son f\u00e1ciles de hacer y llenas de los sabores del Mediterr\u00e1neo.\" width=\"740\" height=\"995\" srcset=\"https:\/\/www.cilantroandcitronella.com\/wp-content\/uploads\/2015\/04\/vegan-stuffed-eggplant-picture.jpg 740w, https:\/\/www.cilantroandcitronella.com\/wp-content\/uploads\/2015\/04\/vegan-stuffed-eggplant-picture-223x300.jpg 223w\" sizes=\"auto, (max-width: 740px) 100vw, 740px\" \/><\/p>\n<p>\u00a1Es viernes! Y, aunque normalemente a esta hora estar\u00eda relaj\u00e1ndome y disfrutando de una copa de vino para empezar el fin de semana, he decidido que despu\u00e9s de nuestro fin de semana en La Rioja, donde corri\u00f3 el vino a mares, no tocar otro vaso de vino durante un mes. Esto quiere decir que me puedo aprovechar de mi mente l\u00facida para escribir esta publicaci\u00f3n y traeros la \u00faltima entrega de recetas francesas: berenjenas rellenas veganas a la provenzal.<\/p>\n<p>Si ya le\u00edste mis dos publicaciones anteriores ya sabes que me vino la inspiraci\u00f3n para preparar una serie de recetas francesas despu\u00e9s de mi \u00faltimo viaje a Francia. La primera parada de nuestro viaje fue la ciudad de Carcassonne. Mientras deambul\u00e1bamos por el centro nos encontramos con una tienda especializada en vinos y donde adquirimos un par de botellas de vino tinto local. Luego subimos la colina para visitar la fortaleza medieval, La Cit\u00e9,\u00a0 gracias a la cual la cuidad es tan famosa.<\/p>\n<p><img loading=\"lazy\" decoding=\"async\" class=\"aligncenter size-full wp-image-1280\" src=\"http:\/\/cilantroandcitronella.com\/wp-content\/uploads\/2015\/07\/Carcasonne-600.jpg\" alt=\"Una receta vegana de unas berenjenas rellenas riqu\u00edsimas. Para ver m\u00e1s recetas veganas en castellano, visita cilantroandcitronella.com\" width=\"600\" height=\"450\" srcset=\"https:\/\/www.cilantroandcitronella.com\/wp-content\/uploads\/2015\/07\/Carcasonne-600.jpg 600w, https:\/\/www.cilantroandcitronella.com\/wp-content\/uploads\/2015\/07\/Carcasonne-600-300x225.jpg 300w, https:\/\/www.cilantroandcitronella.com\/wp-content\/uploads\/2015\/07\/Carcasonne-600-200x150.jpg 200w\" sizes=\"auto, (max-width: 600px) 100vw, 600px\" \/><\/p>\n<p><em>Este post contiene enlaces de afiliado que ayudan a apoyar esta p\u00e1gina web sin costo adicional para usted.<\/em><\/p>\n<p>Las verduras rellenas se cocinan de maneras diversas a lo largo y ancho de la cuenca\u00a0 mediterreanea. Estos <a href=\"https:\/\/www.cilantroandcitronella.com\/es\/champinones-rellenos-vegetarianos\/\" target=\"_blank\" rel=\"noopener noreferrer\">champi\u00f1ones rellenos vegetarianos<\/a> son geniales para servir de picada durante una fiesta y estos <a href=\"https:\/\/www.cilantroandcitronella.com\/es\/tomates-rellenos-vegetarianos\/\" target=\"_blank\" rel=\"noopener noreferrer\">tomates rellenos vegetarianos<\/a> son deliciosos servidos con una ensalada ni\u00e7oise. La inspiraci\u00f3n de esta receta de berenjenas rellenas veganas a la provenzal viene del recetario <em><span style=\"color: #3366ff;\"><a style=\"color: #3366ff; text-decoration: underline;\" href=\"http:\/\/www.amazon.es\/gp\/product\/B00AK9J660\/ref=as_li_qf_sp_asin_tl?ie=UTF8&amp;camp=3626&amp;creative=24790&amp;creativeASIN=B00AK9J660&amp;linkCode=as2&amp;tag=cilanandcitro-21\" target=\"_blank\" rel=\"noopener noreferrer\">Sundays at Moosewood Restaurant<\/a><\/span>.<\/em><\/p>\n<p>El relleno de estas berenjenas rellenas veganas lleva una variedad de verduras coloridas y es condimentado de las hierbas mediterr\u00e1neas de mejorana y tomillo. Llevan un topping de salsa de tomate casera, tambi\u00e9n condimentada de hierbas mediterr\u00e1neas, y crujiente pan rallado tostado para textura.<\/p>\n<p><img loading=\"lazy\" decoding=\"async\" class=\"aligncenter size-full wp-image-5397\" src=\"https:\/\/www.cilantroandcitronella.com\/wp-content\/uploads\/2015\/04\/vegan-stuffed-eggplant-image.jpg\" alt=\"Estas berenjenas rellenas veganas son f\u00e1ciles de hacer y llenas de los sabores del Mediterr\u00e1neo.\" width=\"740\" height=\"995\" srcset=\"https:\/\/www.cilantroandcitronella.com\/wp-content\/uploads\/2015\/04\/vegan-stuffed-eggplant-image.jpg 740w, https:\/\/www.cilantroandcitronella.com\/wp-content\/uploads\/2015\/04\/vegan-stuffed-eggplant-image-223x300.jpg 223w\" sizes=\"auto, (max-width: 740px) 100vw, 740px\" \/><\/p>\n<p>He adaptado la receta debido a la disponibilidad de ingredientes y la decisi\u00f3n de ofrecerla como una receta vegana, dejando fuera el queso de la receta original.<\/p>\n<p>Este es un plato genial para preparar por adelantado ya que cada componente de esta receta puede ser preparado de antemano y se puede guardar en la nevera hasta que queramos montar el plato. Simplemente montarlas y meterlas en el horno hasta que est\u00e9n calientes.<br \/>\n<div id=\"recipe\"><\/div><div id=\"wprm-recipe-container-8204\" class=\"wprm-recipe-container\" data-recipe-id=\"8204\" data-servings=\"4\"><div class=\"wprm-recipe wprm-recipe-template-c-and-c-spanish\"><div class=\"wprm-container-float-right\">\n\t<div class=\"wprm-recipe-image wprm-block-image-normal\"><img loading=\"lazy\" decoding=\"async\" style=\"border-width: 0px;border-style: solid;border-color: #666666;\" width=\"150\" height=\"150\" src=\"https:\/\/www.cilantroandcitronella.com\/wp-content\/uploads\/2015\/04\/vegan-stuffed-eggplant-image-150x150.jpg\" class=\"attachment-150x150 size-150x150\" alt=\"An easy to prepare vegan stuffed eggplant with a rainbow of veggies, crispy breadcrumbs and homemade tomato sauce.\" srcset=\"https:\/\/www.cilantroandcitronella.com\/wp-content\/uploads\/2015\/04\/vegan-stuffed-eggplant-image-150x150.jpg 150w, https:\/\/www.cilantroandcitronella.com\/wp-content\/uploads\/2015\/04\/vegan-stuffed-eggplant-image-500x500.jpg 500w, https:\/\/www.cilantroandcitronella.com\/wp-content\/uploads\/2015\/04\/vegan-stuffed-eggplant-image-360x360.jpg 360w, https:\/\/www.cilantroandcitronella.com\/wp-content\/uploads\/2015\/04\/vegan-stuffed-eggplant-image-720x720.jpg 720w, https:\/\/www.cilantroandcitronella.com\/wp-content\/uploads\/2015\/04\/vegan-stuffed-eggplant-image-180x180.jpg 180w, https:\/\/www.cilantroandcitronella.com\/wp-content\/uploads\/2015\/04\/vegan-stuffed-eggplant-image-200x200.jpg 200w, https:\/\/www.cilantroandcitronella.com\/wp-content\/uploads\/2015\/04\/vegan-stuffed-eggplant-image-320x320.jpg 320w, https:\/\/www.cilantroandcitronella.com\/wp-content\/uploads\/2015\/04\/vegan-stuffed-eggplant-image-480x480.jpg 480w\" sizes=\"auto, (max-width: 150px) 100vw, 150px\" \/><\/div>\n\t<div class=\"wprm-spacer\" style=\"height: 5px;\"><\/div>\n\t<a href=\"https:\/\/www.cilantroandcitronella.com\/es\/wprm_print\/berenjenas-rellenas-veganas-a-la-provenzal\" style=\"color: #444444;background-color: #ffffff;border-color: #777777;border-radius: 0px;padding: 5px 5px;\" class=\"wprm-recipe-print wprm-recipe-link wprm-print-recipe-shortcode wprm-block-text-normal wprm-recipe-print-wide-button wprm-recipe-link-wide-button wprm-color-accent\" data-recipe-id=\"8204\" data-template=\"\" target=\"_blank\" rel=\"nofollow\"><span class=\"wprm-recipe-icon wprm-recipe-print-icon\"><svg xmlns=\"http:\/\/www.w3.org\/2000\/svg\" xmlns:xlink=\"http:\/\/www.w3.org\/1999\/xlink\" x=\"0px\" y=\"0px\" width=\"16px\" height=\"16px\" viewBox=\"0 0 24 24\"><g ><path fill=\"#444444\" d=\"M19,5.09V1c0-0.552-0.448-1-1-1H6C5.448,0,5,0.448,5,1v4.09C2.167,5.569,0,8.033,0,11v7c0,0.552,0.448,1,1,1h4v4c0,0.552,0.448,1,1,1h12c0.552,0,1-0.448,1-1v-4h4c0.552,0,1-0.448,1-1v-7C24,8.033,21.833,5.569,19,5.09z M7,2h10v3H7V2z M17,22H7v-9h10V22z M18,10c-0.552,0-1-0.448-1-1c0-0.552,0.448-1,1-1s1,0.448,1,1C19,9.552,18.552,10,18,10z\"\/><\/g><\/svg><\/span> Imprimir<\/a>\n\t\n\t<style>#wprm-recipe-rating-0 .wprm-rating-star.wprm-rating-star-full svg * { fill: #343434; }#wprm-recipe-rating-0 .wprm-rating-star.wprm-rating-star-33 svg * { fill: url(#wprm-recipe-rating-0-33); }#wprm-recipe-rating-0 .wprm-rating-star.wprm-rating-star-50 svg * { fill: url(#wprm-recipe-rating-0-50); }#wprm-recipe-rating-0 .wprm-rating-star.wprm-rating-star-66 svg * { fill: url(#wprm-recipe-rating-0-66); }linearGradient#wprm-recipe-rating-0-33 stop { stop-color: #343434; }linearGradient#wprm-recipe-rating-0-50 stop { stop-color: #343434; }linearGradient#wprm-recipe-rating-0-66 stop { stop-color: #343434; }<\/style><svg xmlns=\"http:\/\/www.w3.org\/2000\/svg\" width=\"0\" height=\"0\" style=\"display:block;width:0px;height:0px\"><defs><linearGradient id=\"wprm-recipe-rating-0-33\"><stop offset=\"0%\" stop-opacity=\"1\" \/><stop offset=\"33%\" stop-opacity=\"1\" \/><stop offset=\"33%\" stop-opacity=\"0\" \/><stop offset=\"100%\" stop-opacity=\"0\" \/><\/linearGradient><\/defs><defs><linearGradient id=\"wprm-recipe-rating-0-50\"><stop offset=\"0%\" stop-opacity=\"1\" \/><stop offset=\"50%\" stop-opacity=\"1\" \/><stop offset=\"50%\" stop-opacity=\"0\" \/><stop offset=\"100%\" stop-opacity=\"0\" \/><\/linearGradient><\/defs><defs><linearGradient id=\"wprm-recipe-rating-0-66\"><stop offset=\"0%\" stop-opacity=\"1\" \/><stop offset=\"66%\" stop-opacity=\"1\" \/><stop offset=\"66%\" stop-opacity=\"0\" \/><stop offset=\"100%\" stop-opacity=\"0\" \/><\/linearGradient><\/defs><\/svg><div id=\"wprm-recipe-rating-0\" class=\"wprm-recipe-rating wprm-recipe-rating-recipe-8204\"><span class=\"wprm-rating-star wprm-rating-star-1 wprm-rating-star-full\" data-rating=\"1\" data-color=\"#343434\" style=\"font-size: 1em;\"><svg width=\"16px\" height=\"16px\" version=\"1.1\" viewBox=\"0 0 24 24\" xmlns=\"http:\/\/www.w3.org\/2000\/svg\"><path fill=\"none\" stroke=\"#343434\" stroke-width=\"2\" stroke-linejoin=\"round\" d=\"M11.99,1.94c-.35,0-.67.19-.83.51l-2.56,5.2c-.11.24-.34.4-.61.43l-5.75.83c-.35.05-.64.3-.74.64-.11.34,0,.7.22.94l4.16,4.05c.19.19.27.45.22.7l-.98,5.72c-.06.35.1.7.37.9.29.21.66.24.98.08l5.14-2.71h0c.24-.13.51-.13.75,0l5.14,2.71c.32.16.69.13.98-.08.29-.21.43-.56.37-.9l-.98-5.72h0c-.05-.26.05-.53.22-.7l4.16-4.05h0c.26-.24.34-.61.22-.94s-.4-.58-.74-.64l-5.75-.83c-.26-.03-.48-.21-.61-.43l-2.56-5.2c-.16-.32-.48-.53-.83-.51,0,0-.02,0-.02,0Z\"\/><\/svg><\/span><span class=\"wprm-rating-star wprm-rating-star-2 wprm-rating-star-full\" data-rating=\"2\" data-color=\"#343434\" style=\"font-size: 1em;\"><svg width=\"16px\" height=\"16px\" version=\"1.1\" viewBox=\"0 0 24 24\" xmlns=\"http:\/\/www.w3.org\/2000\/svg\"><path fill=\"none\" stroke=\"#343434\" stroke-width=\"2\" stroke-linejoin=\"round\" d=\"M11.99,1.94c-.35,0-.67.19-.83.51l-2.56,5.2c-.11.24-.34.4-.61.43l-5.75.83c-.35.05-.64.3-.74.64-.11.34,0,.7.22.94l4.16,4.05c.19.19.27.45.22.7l-.98,5.72c-.06.35.1.7.37.9.29.21.66.24.98.08l5.14-2.71h0c.24-.13.51-.13.75,0l5.14,2.71c.32.16.69.13.98-.08.29-.21.43-.56.37-.9l-.98-5.72h0c-.05-.26.05-.53.22-.7l4.16-4.05h0c.26-.24.34-.61.22-.94s-.4-.58-.74-.64l-5.75-.83c-.26-.03-.48-.21-.61-.43l-2.56-5.2c-.16-.32-.48-.53-.83-.51,0,0-.02,0-.02,0Z\"\/><\/svg><\/span><span class=\"wprm-rating-star wprm-rating-star-3 wprm-rating-star-full\" data-rating=\"3\" data-color=\"#343434\" style=\"font-size: 1em;\"><svg width=\"16px\" height=\"16px\" version=\"1.1\" viewBox=\"0 0 24 24\" xmlns=\"http:\/\/www.w3.org\/2000\/svg\"><path fill=\"none\" stroke=\"#343434\" stroke-width=\"2\" stroke-linejoin=\"round\" d=\"M11.99,1.94c-.35,0-.67.19-.83.51l-2.56,5.2c-.11.24-.34.4-.61.43l-5.75.83c-.35.05-.64.3-.74.64-.11.34,0,.7.22.94l4.16,4.05c.19.19.27.45.22.7l-.98,5.72c-.06.35.1.7.37.9.29.21.66.24.98.08l5.14-2.71h0c.24-.13.51-.13.75,0l5.14,2.71c.32.16.69.13.98-.08.29-.21.43-.56.37-.9l-.98-5.72h0c-.05-.26.05-.53.22-.7l4.16-4.05h0c.26-.24.34-.61.22-.94s-.4-.58-.74-.64l-5.75-.83c-.26-.03-.48-.21-.61-.43l-2.56-5.2c-.16-.32-.48-.53-.83-.51,0,0-.02,0-.02,0Z\"\/><\/svg><\/span><span class=\"wprm-rating-star wprm-rating-star-4 wprm-rating-star-full\" data-rating=\"4\" data-color=\"#343434\" style=\"font-size: 1em;\"><svg width=\"16px\" height=\"16px\" version=\"1.1\" viewBox=\"0 0 24 24\" xmlns=\"http:\/\/www.w3.org\/2000\/svg\"><path fill=\"none\" stroke=\"#343434\" stroke-width=\"2\" stroke-linejoin=\"round\" d=\"M11.99,1.94c-.35,0-.67.19-.83.51l-2.56,5.2c-.11.24-.34.4-.61.43l-5.75.83c-.35.05-.64.3-.74.64-.11.34,0,.7.22.94l4.16,4.05c.19.19.27.45.22.7l-.98,5.72c-.06.35.1.7.37.9.29.21.66.24.98.08l5.14-2.71h0c.24-.13.51-.13.75,0l5.14,2.71c.32.16.69.13.98-.08.29-.21.43-.56.37-.9l-.98-5.72h0c-.05-.26.05-.53.22-.7l4.16-4.05h0c.26-.24.34-.61.22-.94s-.4-.58-.74-.64l-5.75-.83c-.26-.03-.48-.21-.61-.43l-2.56-5.2c-.16-.32-.48-.53-.83-.51,0,0-.02,0-.02,0Z\"\/><\/svg><\/span><span class=\"wprm-rating-star wprm-rating-star-5 wprm-rating-star-full\" data-rating=\"5\" data-color=\"#343434\" style=\"font-size: 1em;\"><svg width=\"16px\" height=\"16px\" version=\"1.1\" viewBox=\"0 0 24 24\" xmlns=\"http:\/\/www.w3.org\/2000\/svg\"><path fill=\"none\" stroke=\"#343434\" stroke-width=\"2\" stroke-linejoin=\"round\" d=\"M11.99,1.94c-.35,0-.67.19-.83.51l-2.56,5.2c-.11.24-.34.4-.61.43l-5.75.83c-.35.05-.64.3-.74.64-.11.34,0,.7.22.94l4.16,4.05c.19.19.27.45.22.7l-.98,5.72c-.06.35.1.7.37.9.29.21.66.24.98.08l5.14-2.71h0c.24-.13.51-.13.75,0l5.14,2.71c.32.16.69.13.98-.08.29-.21.43-.56.37-.9l-.98-5.72h0c-.05-.26.05-.53.22-.7l4.16-4.05h0c.26-.24.34-.61.22-.94s-.4-.58-.74-.64l-5.75-.83c-.26-.03-.48-.21-.61-.43l-2.56-5.2c-.16-.32-.48-.53-.83-.51,0,0-.02,0-.02,0Z\"\/><\/svg><\/span><\/div>\n<\/div>\n<h2 class=\"wprm-recipe-name wprm-block-text-bold\">Berenjenas Rellenas Veganas a la Provenzal<\/h2>\n<div class=\"wprm-spacer\" style=\"height: 5px;\"><\/div>\n<div class=\"wprm-recipe-summary wprm-block-text-normal\"><span style=\"display: block;\">Estas berenjenas rellenas veganas llevan de un arco iris de verduras y son repletos de los sabores del sur de Francia. Berenjenas cremosas asadas con verduras frescas de verano, una salsa de tomate casera, hierbas mediterr\u00e1neas y decoradas de pan rallado tostado y crujiente. Este plato delicioso es f\u00e1cil de preparar y perfecto para un plato principal vegetariano o vegano.<\/span><\/div>\n<div class=\"wprm-spacer\"><\/div>\n<div class=\"wprm-recipe-meta-container wprm-recipe-times-container wprm-recipe-details-container wprm-recipe-details-container-table wprm-block-text-normal wprm-recipe-table-borders-top-bottom wprm-recipe-table-borders-inside\" style=\"border-width: 1px;border-style: solid;border-color: #777777;\"><div class=\"wprm-recipe-block-container wprm-recipe-block-container-table wprm-block-text-normal wprm-recipe-time-container wprm-recipe-prep-time-container\" style=\"border-width: 1px;border-style: solid;border-color: #777777;\"><span class=\"wprm-recipe-details-label wprm-block-text-faded wprm-recipe-time-label wprm-recipe-prep-time-label\">Preparaci\u00f3n<\/span><span class=\"wprm-recipe-time wprm-block-text-normal\"><span class=\"wprm-recipe-details wprm-recipe-details-minutes wprm-recipe-prep_time wprm-recipe-prep_time-minutes\">10<span class=\"sr-only screen-reader-text wprm-screen-reader-text\"> minutos<\/span><\/span> <span class=\"wprm-recipe-details-unit wprm-recipe-details-minutes wprm-recipe-prep_time-unit wprm-recipe-prep_timeunit-minutes\" aria-hidden=\"true\">minutos<\/span><\/span><\/div><div class=\"wprm-recipe-block-container wprm-recipe-block-container-table wprm-block-text-normal wprm-recipe-time-container wprm-recipe-cook-time-container\" style=\"border-width: 1px;border-style: solid;border-color: #777777;\"><span class=\"wprm-recipe-details-label wprm-block-text-faded wprm-recipe-time-label wprm-recipe-cook-time-label\">Cocci\u00f3n<\/span><span class=\"wprm-recipe-time wprm-block-text-normal\"><span class=\"wprm-recipe-details wprm-recipe-details-minutes wprm-recipe-cook_time wprm-recipe-cook_time-minutes\">30<span class=\"sr-only screen-reader-text wprm-screen-reader-text\"> minutos<\/span><\/span> <span class=\"wprm-recipe-details-unit wprm-recipe-details-minutes wprm-recipe-cook_time-unit wprm-recipe-cook_timeunit-minutes\" aria-hidden=\"true\">minutos<\/span><\/span><\/div><div class=\"wprm-recipe-block-container wprm-recipe-block-container-table wprm-block-text-normal wprm-recipe-time-container wprm-recipe-total-time-container\" style=\"border-width: 1px;border-style: solid;border-color: #777777;\"><span class=\"wprm-recipe-details-label wprm-block-text-faded wprm-recipe-time-label wprm-recipe-total-time-label\">Total<\/span><span class=\"wprm-recipe-time wprm-block-text-normal\"><span class=\"wprm-recipe-details wprm-recipe-details-minutes wprm-recipe-total_time wprm-recipe-total_time-minutes\">40<span class=\"sr-only screen-reader-text wprm-screen-reader-text\"> minutos<\/span><\/span> <span class=\"wprm-recipe-details-unit wprm-recipe-details-minutes wprm-recipe-total_time-unit wprm-recipe-total_timeunit-minutes\" aria-hidden=\"true\">minutos<\/span><\/span><\/div><\/div>\n<div class=\"wprm-spacer\" style=\"height: 5px;\"><\/div>\n<div class=\"wprm-recipe-meta-container wprm-recipe-tags-container wprm-recipe-details-container wprm-recipe-details-container-inline wprm-block-text-normal\"><div class=\"wprm-recipe-block-container wprm-recipe-block-container-inline wprm-block-text-normal wprm-recipe-tag-container wprm-recipe-course-container\" style=\"\"><span class=\"wprm-recipe-details-label wprm-block-text-faded wprm-recipe-tag-label wprm-recipe-course-label\">Categor\u00eda: <\/span><span class=\"wprm-recipe-course wprm-block-text-normal\">Plato Principal<\/span><\/div><div class=\"wprm-recipe-block-container wprm-recipe-block-container-inline wprm-block-text-normal wprm-recipe-tag-container wprm-recipe-cuisine-container\" style=\"\"><span class=\"wprm-recipe-details-label wprm-block-text-faded wprm-recipe-tag-label wprm-recipe-cuisine-label\">Cocina: <\/span><span class=\"wprm-recipe-cuisine wprm-block-text-normal\">Francesa<\/span><\/div><div class=\"wprm-recipe-block-container wprm-recipe-block-container-inline wprm-block-text-normal wprm-recipe-tag-container wprm-recipe-keyword-container\" style=\"\"><span class=\"wprm-recipe-details-label wprm-block-text-faded wprm-recipe-tag-label wprm-recipe-keyword-label\">Palabra Clave: <\/span><span class=\"wprm-recipe-keyword wprm-block-text-normal\">Vegana<\/span><\/div><\/div>\n<div class=\"wprm-recipe-block-container wprm-recipe-block-container-inline wprm-block-text-normal wprm-recipe-servings-container\" style=\"\"><span class=\"wprm-recipe-details-label wprm-block-text-faded wprm-recipe-servings-label\">Raciones: <\/span><span class=\"wprm-recipe-servings-with-unit\"><span class=\"wprm-recipe-servings wprm-recipe-details wprm-block-text-normal\">4<\/span> <span class=\"wprm-recipe-servings-unit wprm-recipe-details-unit wprm-block-text-normal\">a 6 comensales<\/span><\/span><\/div>\n<div class=\"wprm-recipe-block-container wprm-recipe-block-container-inline wprm-block-text-normal wprm-recipe-nutrition-container wprm-recipe-calories-container\" style=\"\"><span class=\"wprm-recipe-details-label wprm-block-text-faded wprm-recipe-nutrition-label wprm-recipe-calories-label\">Calories: <\/span><span class=\"wprm-recipe-nutrition-with-unit\"><span class=\"wprm-recipe-details wprm-recipe-nutrition wprm-recipe-calories wprm-block-text-normal\">490<\/span><span class=\"wprm-recipe-details-unit wprm-recipe-nutrition-unit wprm-recipe-calories-unit wprm-block-text-normal\">kcal<\/span><\/span><\/div>\n<div class=\"wprm-recipe-block-container wprm-recipe-block-container-inline wprm-block-text-normal wprm-recipe-author-container\" style=\"\"><span class=\"wprm-recipe-details-label wprm-block-text-faded wprm-recipe-author-label\">Autor: <\/span><span class=\"wprm-recipe-details wprm-recipe-author wprm-block-text-normal\">Cilantro & Citronella<\/span><\/div>\n\n\n<div id=\"recipe-8204-ingredients\" class=\"wprm-recipe-ingredients-container wprm-recipe-8204-ingredients-container wprm-block-text-normal wprm-ingredient-style-regular wprm-recipe-images-before\" data-recipe=\"8204\" data-servings=\"4\"><h3 class=\"wprm-recipe-header wprm-recipe-ingredients-header wprm-block-text-bold wprm-align-left wprm-header-decoration-none\" style=\"\">Ingredientes<\/h3><div class=\"wprm-recipe-ingredient-group\"><h4 class=\"wprm-recipe-group-name wprm-recipe-ingredient-group-name wprm-block-text-bold\">Para las berenjenas<\/h4><ul class=\"wprm-recipe-ingredients\"><li class=\"wprm-recipe-ingredient\" style=\"list-style-type: disc;\"><span class=\"wprm-recipe-ingredient-amount\">2<\/span>&#32;<span class=\"wprm-recipe-ingredient-name\">berenjenas grandes o 3 medianas<\/span><\/li><li class=\"wprm-recipe-ingredient\" style=\"list-style-type: disc;\"><span class=\"wprm-recipe-ingredient-amount\">2<\/span>&#32;<span class=\"wprm-recipe-ingredient-unit\">cucharaditas<\/span>&#32;<span class=\"wprm-recipe-ingredient-name\">de aceite de oliva<\/span><\/li><li class=\"wprm-recipe-ingredient\" style=\"list-style-type: disc;\"><span class=\"wprm-recipe-ingredient-name\">Sal<\/span><\/li><\/ul><\/div><div class=\"wprm-recipe-ingredient-group\"><h4 class=\"wprm-recipe-group-name wprm-recipe-ingredient-group-name wprm-block-text-bold\">Para la salsa<\/h4><ul class=\"wprm-recipe-ingredients\"><li class=\"wprm-recipe-ingredient\" style=\"list-style-type: disc;\"><span class=\"wprm-recipe-ingredient-amount\">1<\/span>&#32;<span class=\"wprm-recipe-ingredient-unit\">cucharada<\/span>&#32;<span class=\"wprm-recipe-ingredient-name\">de aceite de oliva<\/span><\/li><li class=\"wprm-recipe-ingredient\" style=\"list-style-type: disc;\"><span class=\"wprm-recipe-ingredient-name\">Media cebolla<\/span>&#32;<span class=\"wprm-recipe-ingredient-notes wprm-recipe-ingredient-notes-faded\">picada<\/span><\/li><li class=\"wprm-recipe-ingredient\" style=\"list-style-type: disc;\"><span class=\"wprm-recipe-ingredient-amount\">1<\/span>&#32;<span class=\"wprm-recipe-ingredient-unit\">diente<\/span>&#32;<span class=\"wprm-recipe-ingredient-name\">de ajo<\/span>&#32;<span class=\"wprm-recipe-ingredient-notes wprm-recipe-ingredient-notes-faded\">picado<\/span><\/li><li class=\"wprm-recipe-ingredient\" style=\"list-style-type: disc;\"><span class=\"wprm-recipe-ingredient-amount\">1<\/span>&#32;<span class=\"wprm-recipe-ingredient-unit\">hoja<\/span>&#32;<span class=\"wprm-recipe-ingredient-name\">de laurel<\/span><\/li><li class=\"wprm-recipe-ingredient\" style=\"list-style-type: disc;\"><span class=\"wprm-recipe-ingredient-amount\">3 <\/span>&#32;<span class=\"wprm-recipe-ingredient-name\">tomates<\/span>&#32;<span class=\"wprm-recipe-ingredient-notes wprm-recipe-ingredient-notes-faded\">cortados<\/span><\/li><li class=\"wprm-recipe-ingredient\" style=\"list-style-type: disc;\"><span class=\"wprm-recipe-ingredient-name\">Sal y pimienta al gusto<\/span><\/li><li class=\"wprm-recipe-ingredient\" style=\"list-style-type: disc;\"><span class=\"wprm-recipe-ingredient-amount\">\u215b<\/span>&#32;<span class=\"wprm-recipe-ingredient-unit\">cucharadita<\/span>&#32;<span class=\"wprm-recipe-ingredient-name\">de tomillo seco<\/span><\/li><li class=\"wprm-recipe-ingredient\" style=\"list-style-type: disc;\"><span class=\"wprm-recipe-ingredient-amount\">1<\/span>&#32;<span class=\"wprm-recipe-ingredient-unit\">cucharadita<\/span>&#32;<span class=\"wprm-recipe-ingredient-name\">de mejorana seca o \u00be cucharadita de or\u00e9gano seco<\/span><\/li><li class=\"wprm-recipe-ingredient\" style=\"list-style-type: disc;\"><span class=\"wprm-recipe-ingredient-amount\">1<\/span>&#32;<span class=\"wprm-recipe-ingredient-unit\">cucharada<\/span>&#32;<span class=\"wprm-recipe-ingredient-name\">de concentrado de tomate<\/span><\/li><\/ul><\/div><div class=\"wprm-recipe-ingredient-group\"><h4 class=\"wprm-recipe-group-name wprm-recipe-ingredient-group-name wprm-block-text-bold\">Para el relleno<\/h4><ul class=\"wprm-recipe-ingredients\"><li class=\"wprm-recipe-ingredient\" style=\"list-style-type: disc;\"><span class=\"wprm-recipe-ingredient-amount\">1<\/span>&#32;<span class=\"wprm-recipe-ingredient-unit\">cucharada<\/span>&#32;<span class=\"wprm-recipe-ingredient-name\">de aceite de oliva<\/span><\/li><li class=\"wprm-recipe-ingredient\" style=\"list-style-type: disc;\"><span class=\"wprm-recipe-ingredient-amount\">1<\/span>&#32;<span class=\"wprm-recipe-ingredient-name\">cebolla cebolla picada<\/span><\/li><li class=\"wprm-recipe-ingredient\" style=\"list-style-type: disc;\"><span class=\"wprm-recipe-ingredient-amount\">2<\/span>&#32;<span class=\"wprm-recipe-ingredient-unit\">dientes<\/span>&#32;<span class=\"wprm-recipe-ingredient-name\">de ajo<\/span>&#32;<span class=\"wprm-recipe-ingredient-notes wprm-recipe-ingredient-notes-faded\">picados<\/span><\/li><li class=\"wprm-recipe-ingredient\" style=\"list-style-type: disc;\"><span class=\"wprm-recipe-ingredient-amount\">2<\/span>&#32;<span class=\"wprm-recipe-ingredient-name\">zanahorias<\/span>&#32;<span class=\"wprm-recipe-ingredient-notes wprm-recipe-ingredient-notes-faded\">peladas y a dados<\/span><\/li><li class=\"wprm-recipe-ingredient\" style=\"list-style-type: disc;\"><span class=\"wprm-recipe-ingredient-amount\">1<\/span>&#32;<span class=\"wprm-recipe-ingredient-name\">pimiento morr\u00f3n rojo<\/span>&#32;<span class=\"wprm-recipe-ingredient-notes wprm-recipe-ingredient-notes-faded\">a dados<\/span><\/li><li class=\"wprm-recipe-ingredient\" style=\"list-style-type: disc;\"><span class=\"wprm-recipe-ingredient-amount\">1<\/span>&#32;<span class=\"wprm-recipe-ingredient-name\">calabac\u00edn<\/span>&#32;<span class=\"wprm-recipe-ingredient-notes wprm-recipe-ingredient-notes-faded\">a dados<\/span><\/li><li class=\"wprm-recipe-ingredient\" style=\"list-style-type: disc;\"><span class=\"wprm-recipe-ingredient-amount\">100<\/span>&#32;<span class=\"wprm-recipe-ingredient-unit\">gramos<\/span>&#32;<span class=\"wprm-recipe-ingredient-name\"> de champi\u00f1ones<\/span>&#32;<span class=\"wprm-recipe-ingredient-notes wprm-recipe-ingredient-notes-faded\">a dados<\/span><\/li><li class=\"wprm-recipe-ingredient\" style=\"list-style-type: disc;\"><span class=\"wprm-recipe-ingredient-amount\">70<\/span>&#32;<span class=\"wprm-recipe-ingredient-unit\">gramos<\/span>&#32;<span class=\"wprm-recipe-ingredient-name\">de pi\u00f1ones<\/span>&#32;<span class=\"wprm-recipe-ingredient-notes wprm-recipe-ingredient-notes-faded\">opcional<\/span><\/li><li class=\"wprm-recipe-ingredient\" style=\"list-style-type: disc;\"><span class=\"wprm-recipe-ingredient-amount\">2<\/span>&#32;<span class=\"wprm-recipe-ingredient-unit\">cucharadas<\/span>&#32;<span class=\"wprm-recipe-ingredient-name\">de pasas de uva<\/span><\/li><li class=\"wprm-recipe-ingredient\" style=\"list-style-type: disc;\"><span class=\"wprm-recipe-ingredient-amount\">1<\/span>&#32;<span class=\"wprm-recipe-ingredient-unit\">cucharadita<\/span>&#32;<span class=\"wprm-recipe-ingredient-name\">de mejorana seca o \u00be cucharadita de or\u00e9gano seco<\/span><\/li><li class=\"wprm-recipe-ingredient\" style=\"list-style-type: disc;\"><span class=\"wprm-recipe-ingredient-amount\">\u00bd<\/span>&#32;<span class=\"wprm-recipe-ingredient-unit\">cucharadita<\/span>&#32;<span class=\"wprm-recipe-ingredient-name\">tomillo seco<\/span><\/li><li class=\"wprm-recipe-ingredient\" style=\"list-style-type: disc;\"><span class=\"wprm-recipe-ingredient-name\">Sal y pimienta al gusto<\/span><\/li><\/ul><\/div><div class=\"wprm-recipe-ingredient-group\"><h4 class=\"wprm-recipe-group-name wprm-recipe-ingredient-group-name wprm-block-text-bold\">Para la cubierta<\/h4><ul class=\"wprm-recipe-ingredients\"><li class=\"wprm-recipe-ingredient\" style=\"list-style-type: disc;\"><span class=\"wprm-recipe-ingredient-amount\">45<\/span>&#32;<span class=\"wprm-recipe-ingredient-unit\">gramos<\/span>&#32;<span class=\"wprm-recipe-ingredient-name\">de migas de pan<\/span><\/li><\/ul><\/div><\/div>\n<div id=\"recipe-8204-instructions\" class=\"wprm-recipe-instructions-container wprm-recipe-8204-instructions-container wprm-block-text-normal\" data-recipe=\"8204\"><h3 class=\"wprm-recipe-header wprm-recipe-instructions-header wprm-block-text-bold wprm-align-left wprm-header-decoration-none\" style=\"\">Instrucciones<\/h3><div class=\"wprm-recipe-instruction-group\"><h4 class=\"wprm-recipe-group-name wprm-recipe-instruction-group-name wprm-block-text-bold\">Para las berenjenas\r<\/h4><ul class=\"wprm-recipe-instructions\"><li id=\"wprm-recipe-8204-step-0-0\" class=\"wprm-recipe-instruction\" style=\"list-style-type: decimal;\"><div class=\"wprm-recipe-instruction-text\" style=\"margin-bottom: 5px;\">Precalentar el horno a 250\u00b0C. Cortar las berenjenas por la mitad y mojar con aceite de oliva a cada lado. Sazonar. Colocar cada mitad boca abajo en una bandeja de horno engrasada y hornear durante 20 minutos hasta que queden blandas por dentro, deber\u00edan quedar firmes por fuera. Retirar del horno y reservar.<\/div><\/li><\/ul><\/div><div class=\"wprm-recipe-instruction-group\"><h4 class=\"wprm-recipe-group-name wprm-recipe-instruction-group-name wprm-block-text-bold\">Para la salsa\r<\/h4><ul class=\"wprm-recipe-instructions\"><li id=\"wprm-recipe-8204-step-1-0\" class=\"wprm-recipe-instruction\" style=\"list-style-type: decimal;\"><div class=\"wprm-recipe-instruction-text\" style=\"margin-bottom: 5px;\">Calentar el aceite en una olla mediana a fuego medio. Pochar la cebolla. A\u00f1adir el ajo y la hoja de laurel y pochar unos 2 minutos. A\u00f1adir los tomates, sal y pimienta y hierbas. Cocinar durante 15 minutos hasta que los tomates hayan reducido y espesado. Finalemente a\u00f1adir el concentrado de tomate y cocinar durante 10 minutos.<\/div><\/li><\/ul><\/div><div class=\"wprm-recipe-instruction-group\"><h4 class=\"wprm-recipe-group-name wprm-recipe-instruction-group-name wprm-block-text-bold\">Para el relleno\r<\/h4><ul class=\"wprm-recipe-instructions\"><li id=\"wprm-recipe-8204-step-2-0\" class=\"wprm-recipe-instruction\" style=\"list-style-type: decimal;\"><div class=\"wprm-recipe-instruction-text\" style=\"margin-bottom: 5px;\">Calentar el aceite en una olla grande a fuego medio y pochar la cebolla. A\u00f1adir el ajo y la zanahoria y seguir pochando. A\u00f1adir el resto de los ingredientes para el relleno y cocinar durante 15 minutos hasta que las verduras est\u00e9n blandas.<\/div><\/li><\/ul><\/div><div class=\"wprm-recipe-instruction-group\"><h4 class=\"wprm-recipe-group-name wprm-recipe-instruction-group-name wprm-block-text-bold\">Para la cubierta\r<\/h4><ul class=\"wprm-recipe-instructions\"><li id=\"wprm-recipe-8204-step-3-0\" class=\"wprm-recipe-instruction\" style=\"list-style-type: decimal;\"><div class=\"wprm-recipe-instruction-text\" style=\"margin-bottom: 5px;\">Calentar una sart\u00e9n a fuego medio y a\u00f1adir el pan rallado. Tostar, removiendo frequentamente, hasta que est\u00e9 dorado.<\/div><\/li><\/ul><\/div><div class=\"wprm-recipe-instruction-group\"><h4 class=\"wprm-recipe-group-name wprm-recipe-instruction-group-name wprm-block-text-bold\">Para las berejenas rellenas\r<\/h4><ul class=\"wprm-recipe-instructions\"><li id=\"wprm-recipe-8204-step-4-0\" class=\"wprm-recipe-instruction\" style=\"list-style-type: decimal;\"><div class=\"wprm-recipe-instruction-text\" style=\"margin-bottom: 5px;\">Empujar la pulpa de las berejenas a los bordes de la misma con el dorso de una cuchara. Rellenar cada lado de berenjena con el relleno y cubrir con las migas de pan. Cubrir con las salsa antes de servir.<\/div><\/li><\/ul><\/div><\/div>\n\n\n<\/div><\/div><\/p>\n","protected":false},"excerpt":{"rendered":"<p>Estas berenjenas rellenas veganas llevan de un arco iris de verduras y son repletos de los sabores del sur de Francia. Berenjenas cremosas asadas con verduras frescas de verano, una salsa de tomate casera, hierbas mediterr\u00e1neas y decoradas de pan rallado tostado y crujiente. Este plato delicioso es f\u00e1cil de preparar y perfecto para un...<\/p>\n<p><a class=\"more-link\" href=\"https:\/\/www.cilantroandcitronella.com\/es\/berenjenas-rellenas-a-la-provenzal\/\">Read More<\/a><\/p>","protected":false},"author":1,"featured_media":5397,"comment_status":"open","ping_status":"closed","sticky":false,"template":"","format":"standard","meta":{"wprm-recipe-roundup-name":"","wprm-recipe-roundup-description":"","_genesis_hide_title":false,"_genesis_hide_breadcrumbs":false,"_genesis_hide_singular_image":false,"_genesis_hide_footer_widgets":false,"_genesis_custom_body_class":"","_genesis_custom_post_class":"","_genesis_layout":"","footnotes":""},"categories":[105],"tags":[211,212,124,50,215],"class_list":{"0":"post-1276","1":"post","2":"type-post","3":"status-publish","4":"format-standard","5":"has-post-thumbnail","7":"category-frances","8":"tag-dinner-es","9":"tag-lunch-es","10":"tag-plato-principal","11":"tag-vegano","12":"tag-vegetarian-es-2","13":"entry"},"yoast_head":"<!-- This site is optimized with the Yoast SEO plugin v24.6 - https:\/\/yoast.com\/wordpress\/plugins\/seo\/ -->\n<title>Berenjenas Rellenas Veganas a la Provenzal - Cilantro and Citronella<\/title>\n<meta name=\"description\" content=\"Esta receta de berenjenas rellenas veganas a la provenzal con salsa de tomate y hierbas resulta en una cena muy deliciosa y sustanciosa.\" \/>\n<meta name=\"robots\" content=\"index, follow, max-snippet:-1, max-image-preview:large, max-video-preview:-1\" \/>\n<link rel=\"canonical\" href=\"https:\/\/www.cilantroandcitronella.com\/es\/berenjenas-rellenas-a-la-provenzal\/\" \/>\n<meta property=\"og:locale\" content=\"es_ES\" \/>\n<meta property=\"og:type\" content=\"article\" \/>\n<meta property=\"og:title\" content=\"Berenjenas Rellenas Veganas a la Provenzal - Cilantro and Citronella\" \/>\n<meta property=\"og:description\" content=\"Esta receta de berenjenas rellenas veganas a la provenzal con salsa de tomate y hierbas resulta en una cena muy deliciosa y sustanciosa.\" \/>\n<meta property=\"og:url\" content=\"https:\/\/www.cilantroandcitronella.com\/es\/berenjenas-rellenas-a-la-provenzal\/\" \/>\n<meta property=\"og:site_name\" content=\"Cilantro and Citronella\" \/>\n<meta property=\"article:published_time\" content=\"2015-07-30T14:22:20+00:00\" \/>\n<meta property=\"article:modified_time\" content=\"2019-09-04T10:36:45+00:00\" \/>\n<meta property=\"og:image\" content=\"https:\/\/www.cilantroandcitronella.com\/wp-content\/uploads\/2015\/04\/vegan-stuffed-eggplant-image.jpg\" \/>\n\t<meta property=\"og:image:width\" content=\"740\" \/>\n\t<meta property=\"og:image:height\" content=\"995\" \/>\n\t<meta property=\"og:image:type\" content=\"image\/jpeg\" \/>\n<meta name=\"author\" content=\"Melissa\" \/>\n<meta name=\"twitter:card\" content=\"summary_large_image\" \/>\n<meta name=\"twitter:creator\" content=\"@CilantroYCitron\" \/>\n<meta name=\"twitter:site\" content=\"@CilantroYCitron\" \/>\n<meta name=\"twitter:label1\" content=\"Escrito por\" \/>\n\t<meta name=\"twitter:data1\" content=\"Melissa\" \/>\n\t<meta name=\"twitter:label2\" content=\"Tiempo de lectura\" \/>\n\t<meta name=\"twitter:data2\" content=\"4 minutos\" \/>\n<script type=\"application\/ld+json\" class=\"yoast-schema-graph\">{\"@context\":\"https:\/\/schema.org\",\"@graph\":[{\"@type\":\"Article\",\"@id\":\"https:\/\/www.cilantroandcitronella.com\/es\/berenjenas-rellenas-a-la-provenzal\/#article\",\"isPartOf\":{\"@id\":\"https:\/\/www.cilantroandcitronella.com\/es\/berenjenas-rellenas-a-la-provenzal\/\"},\"author\":{\"name\":\"Melissa\",\"@id\":\"https:\/\/www.cilantroandcitronella.com\/#\/schema\/person\/b415fbf6a7f16681f9aaed613e16f272\"},\"headline\":\"Berenjenas Rellenas Veganas a la Provenzal\",\"datePublished\":\"2015-07-30T14:22:20+00:00\",\"dateModified\":\"2019-09-04T10:36:45+00:00\",\"mainEntityOfPage\":{\"@id\":\"https:\/\/www.cilantroandcitronella.com\/es\/berenjenas-rellenas-a-la-provenzal\/\"},\"wordCount\":809,\"commentCount\":4,\"publisher\":{\"@id\":\"https:\/\/www.cilantroandcitronella.com\/#organization\"},\"image\":{\"@id\":\"https:\/\/www.cilantroandcitronella.com\/es\/berenjenas-rellenas-a-la-provenzal\/#primaryimage\"},\"thumbnailUrl\":\"https:\/\/www.cilantroandcitronella.com\/wp-content\/uploads\/2015\/04\/vegan-stuffed-eggplant-image.jpg\",\"keywords\":[\"dinner\",\"lunch\",\"plato principal\",\"vegano\",\"vegetarian\"],\"articleSection\":[\"Franc\u00e9s\"],\"inLanguage\":\"es\",\"potentialAction\":[{\"@type\":\"CommentAction\",\"name\":\"Comment\",\"target\":[\"https:\/\/www.cilantroandcitronella.com\/es\/berenjenas-rellenas-a-la-provenzal\/#respond\"]}]},{\"@type\":\"WebPage\",\"@id\":\"https:\/\/www.cilantroandcitronella.com\/es\/berenjenas-rellenas-a-la-provenzal\/\",\"url\":\"https:\/\/www.cilantroandcitronella.com\/es\/berenjenas-rellenas-a-la-provenzal\/\",\"name\":\"Berenjenas Rellenas Veganas a la Provenzal - Cilantro and Citronella\",\"isPartOf\":{\"@id\":\"https:\/\/www.cilantroandcitronella.com\/#website\"},\"primaryImageOfPage\":{\"@id\":\"https:\/\/www.cilantroandcitronella.com\/es\/berenjenas-rellenas-a-la-provenzal\/#primaryimage\"},\"image\":{\"@id\":\"https:\/\/www.cilantroandcitronella.com\/es\/berenjenas-rellenas-a-la-provenzal\/#primaryimage\"},\"thumbnailUrl\":\"https:\/\/www.cilantroandcitronella.com\/wp-content\/uploads\/2015\/04\/vegan-stuffed-eggplant-image.jpg\",\"datePublished\":\"2015-07-30T14:22:20+00:00\",\"dateModified\":\"2019-09-04T10:36:45+00:00\",\"description\":\"Esta receta de berenjenas rellenas veganas a la provenzal con salsa de tomate y hierbas resulta en una cena muy deliciosa y sustanciosa.\",\"breadcrumb\":{\"@id\":\"https:\/\/www.cilantroandcitronella.com\/es\/berenjenas-rellenas-a-la-provenzal\/#breadcrumb\"},\"inLanguage\":\"es\",\"potentialAction\":[{\"@type\":\"ReadAction\",\"target\":[\"https:\/\/www.cilantroandcitronella.com\/es\/berenjenas-rellenas-a-la-provenzal\/\"]}]},{\"@type\":\"ImageObject\",\"inLanguage\":\"es\",\"@id\":\"https:\/\/www.cilantroandcitronella.com\/es\/berenjenas-rellenas-a-la-provenzal\/#primaryimage\",\"url\":\"https:\/\/www.cilantroandcitronella.com\/wp-content\/uploads\/2015\/04\/vegan-stuffed-eggplant-image.jpg\",\"contentUrl\":\"https:\/\/www.cilantroandcitronella.com\/wp-content\/uploads\/2015\/04\/vegan-stuffed-eggplant-image.jpg\",\"width\":\"740\",\"height\":\"995\",\"caption\":\"Estas berenjenas rellenas veganas son f\u00e1ciles de hacer y llenas de los sabores del Mediterr\u00e1neo.\"},{\"@type\":\"BreadcrumbList\",\"@id\":\"https:\/\/www.cilantroandcitronella.com\/es\/berenjenas-rellenas-a-la-provenzal\/#breadcrumb\",\"itemListElement\":[{\"@type\":\"ListItem\",\"position\":1,\"name\":\"Franc\u00e9s\",\"item\":\"https:\/\/www.cilantroandcitronella.com\/es\/category\/frances\/\"},{\"@type\":\"ListItem\",\"position\":2,\"name\":\"Berenjenas Rellenas Veganas a la Provenzal\"}]},{\"@type\":\"WebSite\",\"@id\":\"https:\/\/www.cilantroandcitronella.com\/#website\",\"url\":\"https:\/\/www.cilantroandcitronella.com\/\",\"name\":\"Cilantro and Citronella\",\"description\":\"Vegan Recipes - Recetas Veganas\",\"publisher\":{\"@id\":\"https:\/\/www.cilantroandcitronella.com\/#organization\"},\"potentialAction\":[{\"@type\":\"SearchAction\",\"target\":{\"@type\":\"EntryPoint\",\"urlTemplate\":\"https:\/\/www.cilantroandcitronella.com\/?s={search_term_string}\"},\"query-input\":{\"@type\":\"PropertyValueSpecification\",\"valueRequired\":true,\"valueName\":\"search_term_string\"}}],\"inLanguage\":\"es\"},{\"@type\":\"Organization\",\"@id\":\"https:\/\/www.cilantroandcitronella.com\/#organization\",\"name\":\"Cilantro and Citronella\",\"url\":\"https:\/\/www.cilantroandcitronella.com\/\",\"logo\":{\"@type\":\"ImageObject\",\"inLanguage\":\"es\",\"@id\":\"https:\/\/www.cilantroandcitronella.com\/#\/schema\/logo\/image\/\",\"url\":\"https:\/\/www.cilantroandcitronella.com\/wp-content\/uploads\/2021\/05\/CC-Featured-image.png\",\"contentUrl\":\"https:\/\/www.cilantroandcitronella.com\/wp-content\/uploads\/2021\/05\/CC-Featured-image.png\",\"width\":1200,\"height\":1200,\"caption\":\"Cilantro and Citronella\"},\"image\":{\"@id\":\"https:\/\/www.cilantroandcitronella.com\/#\/schema\/logo\/image\/\"},\"sameAs\":[\"https:\/\/x.com\/CilantroYCitron\"]},{\"@type\":\"Person\",\"@id\":\"https:\/\/www.cilantroandcitronella.com\/#\/schema\/person\/b415fbf6a7f16681f9aaed613e16f272\",\"name\":\"Melissa\",\"url\":\"https:\/\/www.cilantroandcitronella.com\/es\/author\/melissa\/\"}]}<\/script>\n<!-- \/ Yoast SEO plugin. -->","yoast_head_json":{"title":"Berenjenas Rellenas Veganas a la Provenzal - Cilantro and Citronella","description":"Esta receta de berenjenas rellenas veganas a la provenzal con salsa de tomate y hierbas resulta en una cena muy deliciosa y sustanciosa.","robots":{"index":"index","follow":"follow","max-snippet":"max-snippet:-1","max-image-preview":"max-image-preview:large","max-video-preview":"max-video-preview:-1"},"canonical":"https:\/\/www.cilantroandcitronella.com\/es\/berenjenas-rellenas-a-la-provenzal\/","og_locale":"es_ES","og_type":"article","og_title":"Berenjenas Rellenas Veganas a la Provenzal - Cilantro and Citronella","og_description":"Esta receta de berenjenas rellenas veganas a la provenzal con salsa de tomate y hierbas resulta en una cena muy deliciosa y sustanciosa.","og_url":"https:\/\/www.cilantroandcitronella.com\/es\/berenjenas-rellenas-a-la-provenzal\/","og_site_name":"Cilantro and Citronella","article_published_time":"2015-07-30T14:22:20+00:00","article_modified_time":"2019-09-04T10:36:45+00:00","og_image":[{"width":740,"height":995,"url":"https:\/\/www.cilantroandcitronella.com\/wp-content\/uploads\/2015\/04\/vegan-stuffed-eggplant-image.jpg","type":"image\/jpeg"}],"author":"Melissa","twitter_card":"summary_large_image","twitter_creator":"@CilantroYCitron","twitter_site":"@CilantroYCitron","twitter_misc":{"Escrito por":"Melissa","Tiempo de lectura":"4 minutos"},"schema":{"@context":"https:\/\/schema.org","@graph":[{"@type":"Article","@id":"https:\/\/www.cilantroandcitronella.com\/es\/berenjenas-rellenas-a-la-provenzal\/#article","isPartOf":{"@id":"https:\/\/www.cilantroandcitronella.com\/es\/berenjenas-rellenas-a-la-provenzal\/"},"author":{"name":"Melissa","@id":"https:\/\/www.cilantroandcitronella.com\/#\/schema\/person\/b415fbf6a7f16681f9aaed613e16f272"},"headline":"Berenjenas Rellenas Veganas a la Provenzal","datePublished":"2015-07-30T14:22:20+00:00","dateModified":"2019-09-04T10:36:45+00:00","mainEntityOfPage":{"@id":"https:\/\/www.cilantroandcitronella.com\/es\/berenjenas-rellenas-a-la-provenzal\/"},"wordCount":809,"commentCount":4,"publisher":{"@id":"https:\/\/www.cilantroandcitronella.com\/#organization"},"image":{"@id":"https:\/\/www.cilantroandcitronella.com\/es\/berenjenas-rellenas-a-la-provenzal\/#primaryimage"},"thumbnailUrl":"https:\/\/www.cilantroandcitronella.com\/wp-content\/uploads\/2015\/04\/vegan-stuffed-eggplant-image.jpg","keywords":["dinner","lunch","plato principal","vegano","vegetarian"],"articleSection":["Franc\u00e9s"],"inLanguage":"es","potentialAction":[{"@type":"CommentAction","name":"Comment","target":["https:\/\/www.cilantroandcitronella.com\/es\/berenjenas-rellenas-a-la-provenzal\/#respond"]}]},{"@type":"WebPage","@id":"https:\/\/www.cilantroandcitronella.com\/es\/berenjenas-rellenas-a-la-provenzal\/","url":"https:\/\/www.cilantroandcitronella.com\/es\/berenjenas-rellenas-a-la-provenzal\/","name":"Berenjenas Rellenas Veganas a la Provenzal - Cilantro and Citronella","isPartOf":{"@id":"https:\/\/www.cilantroandcitronella.com\/#website"},"primaryImageOfPage":{"@id":"https:\/\/www.cilantroandcitronella.com\/es\/berenjenas-rellenas-a-la-provenzal\/#primaryimage"},"image":{"@id":"https:\/\/www.cilantroandcitronella.com\/es\/berenjenas-rellenas-a-la-provenzal\/#primaryimage"},"thumbnailUrl":"https:\/\/www.cilantroandcitronella.com\/wp-content\/uploads\/2015\/04\/vegan-stuffed-eggplant-image.jpg","datePublished":"2015-07-30T14:22:20+00:00","dateModified":"2019-09-04T10:36:45+00:00","description":"Esta receta de berenjenas rellenas veganas a la provenzal con salsa de tomate y hierbas resulta en una cena muy deliciosa y sustanciosa.","breadcrumb":{"@id":"https:\/\/www.cilantroandcitronella.com\/es\/berenjenas-rellenas-a-la-provenzal\/#breadcrumb"},"inLanguage":"es","potentialAction":[{"@type":"ReadAction","target":["https:\/\/www.cilantroandcitronella.com\/es\/berenjenas-rellenas-a-la-provenzal\/"]}]},{"@type":"ImageObject","inLanguage":"es","@id":"https:\/\/www.cilantroandcitronella.com\/es\/berenjenas-rellenas-a-la-provenzal\/#primaryimage","url":"https:\/\/www.cilantroandcitronella.com\/wp-content\/uploads\/2015\/04\/vegan-stuffed-eggplant-image.jpg","contentUrl":"https:\/\/www.cilantroandcitronella.com\/wp-content\/uploads\/2015\/04\/vegan-stuffed-eggplant-image.jpg","width":"740","height":"995","caption":"Estas berenjenas rellenas veganas son f\u00e1ciles de hacer y llenas de los sabores del Mediterr\u00e1neo."},{"@type":"BreadcrumbList","@id":"https:\/\/www.cilantroandcitronella.com\/es\/berenjenas-rellenas-a-la-provenzal\/#breadcrumb","itemListElement":[{"@type":"ListItem","position":1,"name":"Franc\u00e9s","item":"https:\/\/www.cilantroandcitronella.com\/es\/category\/frances\/"},{"@type":"ListItem","position":2,"name":"Berenjenas Rellenas Veganas a la Provenzal"}]},{"@type":"WebSite","@id":"https:\/\/www.cilantroandcitronella.com\/#website","url":"https:\/\/www.cilantroandcitronella.com\/","name":"Cilantro and Citronella","description":"Vegan Recipes - Recetas Veganas","publisher":{"@id":"https:\/\/www.cilantroandcitronella.com\/#organization"},"potentialAction":[{"@type":"SearchAction","target":{"@type":"EntryPoint","urlTemplate":"https:\/\/www.cilantroandcitronella.com\/?s={search_term_string}"},"query-input":{"@type":"PropertyValueSpecification","valueRequired":true,"valueName":"search_term_string"}}],"inLanguage":"es"},{"@type":"Organization","@id":"https:\/\/www.cilantroandcitronella.com\/#organization","name":"Cilantro and Citronella","url":"https:\/\/www.cilantroandcitronella.com\/","logo":{"@type":"ImageObject","inLanguage":"es","@id":"https:\/\/www.cilantroandcitronella.com\/#\/schema\/logo\/image\/","url":"https:\/\/www.cilantroandcitronella.com\/wp-content\/uploads\/2021\/05\/CC-Featured-image.png","contentUrl":"https:\/\/www.cilantroandcitronella.com\/wp-content\/uploads\/2021\/05\/CC-Featured-image.png","width":1200,"height":1200,"caption":"Cilantro and Citronella"},"image":{"@id":"https:\/\/www.cilantroandcitronella.com\/#\/schema\/logo\/image\/"},"sameAs":["https:\/\/x.com\/CilantroYCitron"]},{"@type":"Person","@id":"https:\/\/www.cilantroandcitronella.com\/#\/schema\/person\/b415fbf6a7f16681f9aaed613e16f272","name":"Melissa","url":"https:\/\/www.cilantroandcitronella.com\/es\/author\/melissa\/"}]}},"mv":{"thumbnail_id":5397,"thumbnail_uri":"https:\/\/www.cilantroandcitronella.com\/wp-content\/uploads\/2015\/04\/vegan-stuffed-eggplant-image.jpg"},"_links":{"self":[{"href":"https:\/\/www.cilantroandcitronella.com\/es\/wp-json\/wp\/v2\/posts\/1276\/"}],"collection":[{"href":"https:\/\/www.cilantroandcitronella.com\/es\/wp-json\/wp\/v2\/posts\/"}],"about":[{"href":"https:\/\/www.cilantroandcitronella.com\/es\/wp-json\/wp\/v2\/types\/post\/"}],"author":[{"embeddable":true,"href":"https:\/\/www.cilantroandcitronella.com\/es\/wp-json\/wp\/v2\/users\/1\/"}],"replies":[{"embeddable":true,"href":"https:\/\/www.cilantroandcitronella.com\/es\/wp-json\/wp\/v2\/comments\/?post=1276"}],"version-history":[{"count":9,"href":"https:\/\/www.cilantroandcitronella.com\/es\/wp-json\/wp\/v2\/posts\/1276\/revisions\/"}],"predecessor-version":[{"id":8206,"href":"https:\/\/www.cilantroandcitronella.com\/es\/wp-json\/wp\/v2\/posts\/1276\/revisions\/8206\/"}],"wp:featuredmedia":[{"embeddable":true,"href":"https:\/\/www.cilantroandcitronella.com\/es\/wp-json\/wp\/v2\/media\/5397\/"}],"wp:attachment":[{"href":"https:\/\/www.cilantroandcitronella.com\/es\/wp-json\/wp\/v2\/media\/?parent=1276"}],"wp:term":[{"taxonomy":"category","embeddable":true,"href":"https:\/\/www.cilantroandcitronella.com\/es\/wp-json\/wp\/v2\/categories\/?post=1276"},{"taxonomy":"post_tag","embeddable":true,"href":"https:\/\/www.cilantroandcitronella.com\/es\/wp-json\/wp\/v2\/tags\/?post=1276"}],"curies":[{"name":"wp","href":"https:\/\/api.w.org\/{rel}","templated":true}]}}