{"id":1920,"date":"2015-12-17T19:48:06","date_gmt":"2015-12-17T19:48:06","guid":{"rendered":"http:\/\/cilantroandcitronella.com\/es\/?p=1920"},"modified":"2019-09-02T09:07:36","modified_gmt":"2019-09-02T09:07:36","slug":"macarrones-con-queso","status":"publish","type":"post","link":"https:\/\/www.cilantroandcitronella.com\/es\/macarrones-con-queso\/","title":{"rendered":"Macarrones con Queso"},"content":{"rendered":"<p><img loading=\"lazy\" decoding=\"async\" class=\"aligncenter wp-image-1912 size-full\" src=\"http:\/\/cilantroandcitronella.com\/wp-content\/uploads\/2015\/12\/Mac-and-Cheese-4-Cilantro-and-Citronella.jpg\" alt=\"Macarrones con queso cremosos: Un plato f\u00e1cil y r\u00e1pido hacer y sin ning\u00fan queso vegano procesado! Perfecto para una cena r\u00e1pida de entre semana.\" width=\"680\" height=\"1209\" srcset=\"https:\/\/www.cilantroandcitronella.com\/wp-content\/uploads\/2015\/12\/Mac-and-Cheese-4-Cilantro-and-Citronella.jpg 680w, https:\/\/www.cilantroandcitronella.com\/wp-content\/uploads\/2015\/12\/Mac-and-Cheese-4-Cilantro-and-Citronella-360x640.jpg 360w, https:\/\/www.cilantroandcitronella.com\/wp-content\/uploads\/2015\/12\/Mac-and-Cheese-4-Cilantro-and-Citronella-180x320.jpg 180w\" sizes=\"auto, (max-width: 680px) 100vw, 680px\" \/><\/p>\n<p>Ya s\u00e9 que los macarrones con queso veganos est\u00e1n muy manidos. \u00bfQui\u00e9n no querr\u00eda hacer una versi\u00f3n vegana del la <em>comfort food<\/em> definitiva? Pero cuando le dije a mi marido que quer\u00eda hacer <em>mac and cheese<\/em> vegano, me contest\u00f3 \u201c\u00bfQui\u00e9n es Mac?\u201d. Aparentemente el plato norteamericano m\u00e1s emblem\u00e1tico de la comida reconfortante a\u00fan no ha llegado a este lado del charco. As\u00ed que esta receta es m\u00e1s para mi querida gente espa\u00f1ola que tal vez no conoce la magia de los macarrones con queso veganos.<\/p>\n<p>Hay muchas maneras de hacer macarrones con queso veganos: con queso vegano, crema de anacardos, y <span style=\"color: #3366ff;\"><a style=\"color: #3366ff;\" href=\"http:\/\/vegnews.com\/articles\/page.do?pageId=40&amp;catId=10\" target=\"_blank\" rel=\"noopener noreferrer\">esta receta<\/a><\/span> que he visto dando vueltas por internet que usa un pur\u00e9 de patatas, zanahoria y cebolla. El problema que tengo con esa receta es el medio vaso de margarina que utiliza. \u00a1Qu\u00e9 asco! \u00bfEs realmente necesario? A mi me encanta la cremosidad del aguacate que adem\u00e1s a\u00f1ade la cantidad justa de grasa natural a este plato.<\/p>\n<p><img loading=\"lazy\" decoding=\"async\" class=\"aligncenter wp-image-1908 size-full\" src=\"http:\/\/cilantroandcitronella.com\/wp-content\/uploads\/2015\/12\/Mac-and-Cheese-3-Cilantro-and-Citronella.jpg\" alt=\"Macarrones con queso cremosos: Un plato f\u00e1cil y r\u00e1pido hacer y sin ning\u00fan queso vegano procesado! Perfecto para una cena r\u00e1pida de entre semana.\" width=\"680\" height=\"680\" srcset=\"https:\/\/www.cilantroandcitronella.com\/wp-content\/uploads\/2015\/12\/Mac-and-Cheese-3-Cilantro-and-Citronella.jpg 680w, https:\/\/www.cilantroandcitronella.com\/wp-content\/uploads\/2015\/12\/Mac-and-Cheese-3-Cilantro-and-Citronella-150x150.jpg 150w, https:\/\/www.cilantroandcitronella.com\/wp-content\/uploads\/2015\/12\/Mac-and-Cheese-3-Cilantro-and-Citronella-500x500.jpg 500w, https:\/\/www.cilantroandcitronella.com\/wp-content\/uploads\/2015\/12\/Mac-and-Cheese-3-Cilantro-and-Citronella-360x360.jpg 360w, https:\/\/www.cilantroandcitronella.com\/wp-content\/uploads\/2015\/12\/Mac-and-Cheese-3-Cilantro-and-Citronella-180x180.jpg 180w\" sizes=\"auto, (max-width: 680px) 100vw, 680px\" \/><\/p>\n<p>Tal vez te est\u00e1s preguntando, \u201c\u00bfno hace que la salsa sea verde?\u201d. S\u00ed, lo hace y para eso est\u00e1 la c\u00farcuma. No tienes que poner c\u00farcuma si no te molesta que tus macarrones con queso tengan un ligero tinte verde, o puedes usar de media a una cucharadita entera hasta conseguir el color que te guste. Contrariamente a lo que muchos cocineros dicen se puede saborear la c\u00farcuma as\u00ed que recomiendo a\u00f1adirla poco a poco e ir probando la salsa hasta el punto que queramos. La salsa se pondr\u00e1 cada vez m\u00e1s naranja ne\u00f3n a medida que vayamos a\u00f1adiendo m\u00e1s c\u00farcuma pero no te preocupes, cuando la mezcles con la pasta se ver\u00e1 decididamente menos fluorescente y m\u00e1s apetecible.<br \/>\n<div id=\"recipe\"><\/div><div id=\"wprm-recipe-container-7983\" class=\"wprm-recipe-container\" data-recipe-id=\"7983\" data-servings=\"4\"><div class=\"wprm-recipe wprm-recipe-template-c-and-c-spanish\"><div class=\"wprm-container-float-right\">\n\t<div class=\"wprm-recipe-image wprm-block-image-normal\"><img loading=\"lazy\" decoding=\"async\" style=\"border-width: 0px;border-style: solid;border-color: #666666;\" width=\"150\" height=\"150\" src=\"https:\/\/www.cilantroandcitronella.com\/wp-content\/uploads\/2015\/12\/Mac-and-Cheese-4-Cilantro-and-Citronella-1-150x150.jpg\" class=\"attachment-150x150 size-150x150\" alt=\"\" srcset=\"https:\/\/www.cilantroandcitronella.com\/wp-content\/uploads\/2015\/12\/Mac-and-Cheese-4-Cilantro-and-Citronella-1-150x150.jpg 150w, https:\/\/www.cilantroandcitronella.com\/wp-content\/uploads\/2015\/12\/Mac-and-Cheese-4-Cilantro-and-Citronella-1-500x500.jpg 500w, https:\/\/www.cilantroandcitronella.com\/wp-content\/uploads\/2015\/12\/Mac-and-Cheese-4-Cilantro-and-Citronella-1-200x200.jpg 200w, https:\/\/www.cilantroandcitronella.com\/wp-content\/uploads\/2015\/12\/Mac-and-Cheese-4-Cilantro-and-Citronella-1-320x320.jpg 320w, https:\/\/www.cilantroandcitronella.com\/wp-content\/uploads\/2015\/12\/Mac-and-Cheese-4-Cilantro-and-Citronella-1-480x480.jpg 480w\" sizes=\"auto, (max-width: 150px) 100vw, 150px\" \/><\/div>\n\t<div class=\"wprm-spacer\" style=\"height: 5px;\"><\/div>\n\t<a href=\"https:\/\/www.cilantroandcitronella.com\/es\/wprm_print\/macarrones-con-queso\" style=\"color: #444444;background-color: #ffffff;border-color: #777777;border-radius: 0px;padding: 5px 5px;\" class=\"wprm-recipe-print wprm-recipe-link wprm-print-recipe-shortcode wprm-block-text-normal wprm-recipe-print-wide-button wprm-recipe-link-wide-button wprm-color-accent\" data-recipe-id=\"7983\" data-template=\"\" target=\"_blank\" rel=\"nofollow\"><span class=\"wprm-recipe-icon wprm-recipe-print-icon\"><svg xmlns=\"http:\/\/www.w3.org\/2000\/svg\" xmlns:xlink=\"http:\/\/www.w3.org\/1999\/xlink\" x=\"0px\" y=\"0px\" width=\"16px\" height=\"16px\" viewBox=\"0 0 24 24\"><g ><path fill=\"#444444\" d=\"M19,5.09V1c0-0.552-0.448-1-1-1H6C5.448,0,5,0.448,5,1v4.09C2.167,5.569,0,8.033,0,11v7c0,0.552,0.448,1,1,1h4v4c0,0.552,0.448,1,1,1h12c0.552,0,1-0.448,1-1v-4h4c0.552,0,1-0.448,1-1v-7C24,8.033,21.833,5.569,19,5.09z M7,2h10v3H7V2z M17,22H7v-9h10V22z M18,10c-0.552,0-1-0.448-1-1c0-0.552,0.448-1,1-1s1,0.448,1,1C19,9.552,18.552,10,18,10z\"\/><\/g><\/svg><\/span> Imprimir<\/a>\n\t\n\t\n<\/div>\n<h2 class=\"wprm-recipe-name wprm-block-text-bold\">Macarrones con Queso<\/h2>\n<div class=\"wprm-spacer\" style=\"height: 5px;\"><\/div>\n<div class=\"wprm-recipe-summary wprm-block-text-normal\"><span style=\"display: block;\">Hay muchas maneras de hacer macarrones con queso veganos. A mi me encanta la cremosidad del aguacate que adem\u00e1s a\u00f1ade la cantidad justa de grasa natural a este plato.<\/span><\/div>\n<div class=\"wprm-spacer\"><\/div>\n<div class=\"wprm-recipe-meta-container wprm-recipe-times-container wprm-recipe-details-container wprm-recipe-details-container-table wprm-block-text-normal wprm-recipe-table-borders-top-bottom wprm-recipe-table-borders-inside\" style=\"border-width: 1px;border-style: solid;border-color: #777777;\"><div class=\"wprm-recipe-block-container wprm-recipe-block-container-table wprm-block-text-normal wprm-recipe-time-container wprm-recipe-prep-time-container\" style=\"border-width: 1px;border-style: solid;border-color: #777777;\"><span class=\"wprm-recipe-details-label wprm-block-text-faded wprm-recipe-time-label wprm-recipe-prep-time-label\">Preparaci\u00f3n<\/span><span class=\"wprm-recipe-time wprm-block-text-normal\"><span class=\"wprm-recipe-details wprm-recipe-details-minutes wprm-recipe-prep_time wprm-recipe-prep_time-minutes\">5<span class=\"sr-only screen-reader-text wprm-screen-reader-text\"> minutos<\/span><\/span> <span class=\"wprm-recipe-details-unit wprm-recipe-details-minutes wprm-recipe-prep_time-unit wprm-recipe-prep_timeunit-minutes\" aria-hidden=\"true\">minutos<\/span><\/span><\/div><div class=\"wprm-recipe-block-container wprm-recipe-block-container-table wprm-block-text-normal wprm-recipe-time-container wprm-recipe-cook-time-container\" style=\"border-width: 1px;border-style: solid;border-color: #777777;\"><span class=\"wprm-recipe-details-label wprm-block-text-faded wprm-recipe-time-label wprm-recipe-cook-time-label\">Cocci\u00f3n<\/span><span class=\"wprm-recipe-time wprm-block-text-normal\"><span class=\"wprm-recipe-details wprm-recipe-details-minutes wprm-recipe-cook_time wprm-recipe-cook_time-minutes\">20<span class=\"sr-only screen-reader-text wprm-screen-reader-text\"> minutos<\/span><\/span> <span class=\"wprm-recipe-details-unit wprm-recipe-details-minutes wprm-recipe-cook_time-unit wprm-recipe-cook_timeunit-minutes\" aria-hidden=\"true\">minutos<\/span><\/span><\/div><div class=\"wprm-recipe-block-container wprm-recipe-block-container-table wprm-block-text-normal wprm-recipe-time-container wprm-recipe-custom-time-container\" style=\"border-width: 1px;border-style: solid;border-color: #777777;\"><span class=\"wprm-recipe-details-label wprm-block-text-faded wprm-recipe-time-label wprm-recipe-custom-time-label\">Tiempo Adicional<\/span><span class=\"wprm-recipe-time wprm-block-text-normal\"><span class=\"wprm-recipe-details wprm-recipe-details-minutes wprm-recipe-custom_time wprm-recipe-custom_time-minutes\">15<span class=\"sr-only screen-reader-text wprm-screen-reader-text\"> minutos<\/span><\/span> <span class=\"wprm-recipe-details-unit wprm-recipe-details-minutes wprm-recipe-custom_time-unit wprm-recipe-custom_timeunit-minutes\" aria-hidden=\"true\">minutos<\/span><\/span><\/div><div class=\"wprm-recipe-block-container wprm-recipe-block-container-table wprm-block-text-normal wprm-recipe-time-container wprm-recipe-total-time-container\" style=\"border-width: 1px;border-style: solid;border-color: #777777;\"><span class=\"wprm-recipe-details-label wprm-block-text-faded wprm-recipe-time-label wprm-recipe-total-time-label\">Total<\/span><span class=\"wprm-recipe-time wprm-block-text-normal\"><span class=\"wprm-recipe-details wprm-recipe-details-minutes wprm-recipe-total_time wprm-recipe-total_time-minutes\">40<span class=\"sr-only screen-reader-text wprm-screen-reader-text\"> minutos<\/span><\/span> <span class=\"wprm-recipe-details-unit wprm-recipe-details-minutes wprm-recipe-total_time-unit wprm-recipe-total_timeunit-minutes\" aria-hidden=\"true\">minutos<\/span><\/span><\/div><\/div>\n<div class=\"wprm-spacer\" style=\"height: 5px;\"><\/div>\n<div class=\"wprm-recipe-meta-container wprm-recipe-tags-container wprm-recipe-details-container wprm-recipe-details-container-inline wprm-block-text-normal\"><div class=\"wprm-recipe-block-container wprm-recipe-block-container-inline wprm-block-text-normal wprm-recipe-tag-container wprm-recipe-course-container\" style=\"\"><span class=\"wprm-recipe-details-label wprm-block-text-faded wprm-recipe-tag-label wprm-recipe-course-label\">Categor\u00eda: <\/span><span class=\"wprm-recipe-course wprm-block-text-normal\">Plato Principal<\/span><\/div><div class=\"wprm-recipe-block-container wprm-recipe-block-container-inline wprm-block-text-normal wprm-recipe-tag-container wprm-recipe-cuisine-container\" style=\"\"><span class=\"wprm-recipe-details-label wprm-block-text-faded wprm-recipe-tag-label wprm-recipe-cuisine-label\">Cocina: <\/span><span class=\"wprm-recipe-cuisine wprm-block-text-normal\">Americana<\/span><\/div><div class=\"wprm-recipe-block-container wprm-recipe-block-container-inline wprm-block-text-normal wprm-recipe-tag-container wprm-recipe-keyword-container\" style=\"\"><span class=\"wprm-recipe-details-label wprm-block-text-faded wprm-recipe-tag-label wprm-recipe-keyword-label\">Palabra Clave: <\/span><span class=\"wprm-recipe-keyword wprm-block-text-normal\">Vegana<\/span><\/div><\/div>\n<div class=\"wprm-recipe-block-container wprm-recipe-block-container-inline wprm-block-text-normal wprm-recipe-servings-container\" style=\"\"><span class=\"wprm-recipe-details-label wprm-block-text-faded wprm-recipe-servings-label\">Raciones: <\/span><span class=\"wprm-recipe-servings wprm-recipe-details wprm-block-text-normal\">4<\/span><\/div>\n<div class=\"wprm-recipe-block-container wprm-recipe-block-container-inline wprm-block-text-normal wprm-recipe-nutrition-container wprm-recipe-calories-container\" style=\"\"><span class=\"wprm-recipe-details-label wprm-block-text-faded wprm-recipe-nutrition-label wprm-recipe-calories-label\">Calories: <\/span><span class=\"wprm-recipe-nutrition-with-unit\"><span class=\"wprm-recipe-details wprm-recipe-nutrition wprm-recipe-calories wprm-block-text-normal\">434<\/span><span class=\"wprm-recipe-details-unit wprm-recipe-nutrition-unit wprm-recipe-calories-unit wprm-block-text-normal\">kcal<\/span><\/span><\/div>\n<div class=\"wprm-recipe-block-container wprm-recipe-block-container-inline wprm-block-text-normal wprm-recipe-author-container\" style=\"\"><span class=\"wprm-recipe-details-label wprm-block-text-faded wprm-recipe-author-label\">Autor: <\/span><span class=\"wprm-recipe-details wprm-recipe-author wprm-block-text-normal\">Cilantro & Citronella<\/span><\/div>\n\n\n<div id=\"recipe-7983-ingredients\" class=\"wprm-recipe-ingredients-container wprm-recipe-7983-ingredients-container wprm-block-text-normal wprm-ingredient-style-regular wprm-recipe-images-before\" data-recipe=\"7983\" data-servings=\"4\"><h3 class=\"wprm-recipe-header wprm-recipe-ingredients-header wprm-block-text-bold wprm-align-left wprm-header-decoration-none\" style=\"\">Ingredientes<\/h3><div class=\"wprm-recipe-ingredient-group\"><ul class=\"wprm-recipe-ingredients\"><li class=\"wprm-recipe-ingredient\" style=\"list-style-type: disc;\"><span class=\"wprm-recipe-ingredient-amount\">1<\/span>&#32;<span class=\"wprm-recipe-ingredient-unit\">paquete (500 gramos)<\/span>&#32;<span class=\"wprm-recipe-ingredient-name\">de pasta<\/span><\/li><li class=\"wprm-recipe-ingredient\" style=\"list-style-type: disc;\"><span class=\"wprm-recipe-ingredient-amount\">1<\/span>&#32;<span class=\"wprm-recipe-ingredient-name\">patata grande<\/span>&#32;<span class=\"wprm-recipe-ingredient-notes wprm-recipe-ingredient-notes-faded\">(270 gramos) pelada y cortada<\/span><\/li><li class=\"wprm-recipe-ingredient\" style=\"list-style-type: disc;\"><span class=\"wprm-recipe-ingredient-amount\">1<\/span>&#32;<span class=\"wprm-recipe-ingredient-name\">zanahoria mediana<\/span>&#32;<span class=\"wprm-recipe-ingredient-notes wprm-recipe-ingredient-notes-faded\">(65 gramos) pelada y cortada<\/span><\/li><li class=\"wprm-recipe-ingredient\" style=\"list-style-type: disc;\"><span class=\"wprm-recipe-ingredient-amount\">1<\/span>&#32;<span class=\"wprm-recipe-ingredient-unit\">trozo peque\u00f1o (60 gramos)<\/span>&#32;<span class=\"wprm-recipe-ingredient-name\"> de cebolla<\/span>&#32;<span class=\"wprm-recipe-ingredient-notes wprm-recipe-ingredient-notes-faded\">pelada y cortada<\/span><\/li><li class=\"wprm-recipe-ingredient\" style=\"list-style-type: disc;\"><span class=\"wprm-recipe-ingredient-amount\">85<\/span>&#32;<span class=\"wprm-recipe-ingredient-unit\">gramos<\/span>&#32;<span class=\"wprm-recipe-ingredient-name\">de anacardos crudos<\/span><\/li><li class=\"wprm-recipe-ingredient\" style=\"list-style-type: disc;\"><span class=\"wprm-recipe-ingredient-amount\">2<\/span>&#32;<span class=\"wprm-recipe-ingredient-unit\">dientes<\/span>&#32;<span class=\"wprm-recipe-ingredient-name\">de ajo<\/span>&#32;<span class=\"wprm-recipe-ingredient-notes wprm-recipe-ingredient-notes-faded\">cortados<\/span><\/li><li class=\"wprm-recipe-ingredient\" style=\"list-style-type: disc;\"><span class=\"wprm-recipe-ingredient-amount\">250<\/span>&#32;<span class=\"wprm-recipe-ingredient-unit\">ml<\/span>&#32;<span class=\"wprm-recipe-ingredient-name\">de caldo de verduras<\/span><\/li><li class=\"wprm-recipe-ingredient\" style=\"list-style-type: disc;\"><span class=\"wprm-recipe-ingredient-name\">Medio aguacate<\/span><\/li><li class=\"wprm-recipe-ingredient\" style=\"list-style-type: disc;\"><span class=\"wprm-recipe-ingredient-amount\">1<\/span>&#32;<span class=\"wprm-recipe-ingredient-unit\">cucharada<\/span>&#32;<span class=\"wprm-recipe-ingredient-name\">de jugo de lim\u00f3n<\/span><\/li><li class=\"wprm-recipe-ingredient\" style=\"list-style-type: disc;\"><span class=\"wprm-recipe-ingredient-amount\">2 \u00bd<\/span>&#32;<span class=\"wprm-recipe-ingredient-unit\">cucharadas<\/span>&#32;<span class=\"wprm-recipe-ingredient-name\">de levadura nutricional o de cerveza<\/span>&#32;<span class=\"wprm-recipe-ingredient-notes wprm-recipe-ingredient-notes-faded\">opcional<\/span><\/li><li class=\"wprm-recipe-ingredient\" style=\"list-style-type: disc;\"><span class=\"wprm-recipe-ingredient-amount\">1<\/span>&#32;<span class=\"wprm-recipe-ingredient-unit\">cucharadita <\/span>&#32;<span class=\"wprm-recipe-ingredient-name\">de sal<\/span>&#32;<span class=\"wprm-recipe-ingredient-notes wprm-recipe-ingredient-notes-faded\">o m\u00e1s al gusto<\/span><\/li><li class=\"wprm-recipe-ingredient\" style=\"list-style-type: disc;\"><span class=\"wprm-recipe-ingredient-amount\">De \u00bd a 1<\/span>&#32;<span class=\"wprm-recipe-ingredient-unit\">cucharadita<\/span>&#32;<span class=\"wprm-recipe-ingredient-name\">de c\u00farcuma<\/span><\/li><li class=\"wprm-recipe-ingredient\" style=\"list-style-type: disc;\"><span class=\"wprm-recipe-ingredient-name\">Perejil<\/span>&#32;<span class=\"wprm-recipe-ingredient-notes wprm-recipe-ingredient-notes-faded\">para decorar<\/span><\/li><\/ul><\/div><\/div>\n<div id=\"recipe-7983-instructions\" class=\"wprm-recipe-instructions-container wprm-recipe-7983-instructions-container wprm-block-text-normal\" data-recipe=\"7983\"><h3 class=\"wprm-recipe-header wprm-recipe-instructions-header wprm-block-text-bold wprm-align-left wprm-header-decoration-none\" style=\"\">Instrucciones<\/h3><div class=\"wprm-recipe-instruction-group\"><ul class=\"wprm-recipe-instructions\"><li id=\"wprm-recipe-7983-step-0-0\" class=\"wprm-recipe-instruction\" style=\"list-style-type: decimal;\"><div class=\"wprm-recipe-instruction-text\" style=\"margin-bottom: 5px;\">Cocinar la pasta seg\u00fan las instrucciones del producto.<\/div><\/li><li id=\"wprm-recipe-7983-step-0-1\" class=\"wprm-recipe-instruction\" style=\"list-style-type: decimal;\"><div class=\"wprm-recipe-instruction-text\" style=\"margin-bottom: 5px;\">Remojar los anacardos en agua caliente durante 15 minutos o hasta que est\u00e9n blandos. Escurrir y reservar.<\/div><\/li><li id=\"wprm-recipe-7983-step-0-2\" class=\"wprm-recipe-instruction\" style=\"list-style-type: decimal;\"><div class=\"wprm-recipe-instruction-text\" style=\"margin-bottom: 5px;\">Llevar agua a ebullici\u00f3n en una olla peque\u00f1a y cocinar la patata, zanahoria y cebolla hasta que est\u00e9n blandas.<\/div><\/li><li id=\"wprm-recipe-7983-step-0-3\" class=\"wprm-recipe-instruction\" style=\"list-style-type: decimal;\"><div class=\"wprm-recipe-instruction-text\" style=\"margin-bottom: 5px;\">Cuando las verduras est\u00e9n blandas, ponerlas en una licuadora o procesador de alimentos junta a los dem\u00e1s ingredientes salvo la c\u00farcuma y el perejil. Hacer una salsa cremosa. A\u00f1adir la c\u00farcuma poco a poco hasta conseguir el color que te guste. Probar cada vez que echas c\u00farcuma porque puede cambiar el sabor.<\/div><\/li><li id=\"wprm-recipe-7983-step-0-4\" class=\"wprm-recipe-instruction\" style=\"list-style-type: decimal;\"><div class=\"wprm-recipe-instruction-text\" style=\"margin-bottom: 5px;\">A\u00f1adir la salsa a la pasta y mezclar bien. Probar y rectificar de sal. Servir decorado de perejil fresco.<\/div><\/li><\/ul><\/div><\/div>\n\n\n<\/div><\/div><\/p>\n","protected":false},"excerpt":{"rendered":"<p>Ya s\u00e9 que los macarrones con queso veganos est\u00e1n muy manidos. \u00bfQui\u00e9n no querr\u00eda hacer una versi\u00f3n vegana del la comfort food definitiva? Pero cuando le dije a mi marido que quer\u00eda hacer mac and cheese vegano, me contest\u00f3 \u201c\u00bfQui\u00e9n es Mac?\u201d. Aparentemente el plato norteamericano m\u00e1s emblem\u00e1tico de la comida reconfortante a\u00fan no ha...<\/p>\n<p><a class=\"more-link\" href=\"https:\/\/www.cilantroandcitronella.com\/es\/macarrones-con-queso\/\">Read More<\/a><\/p>","protected":false},"author":1,"featured_media":1916,"comment_status":"open","ping_status":"closed","sticky":false,"template":"","format":"standard","meta":{"wprm-recipe-roundup-name":"","wprm-recipe-roundup-description":"","_genesis_hide_title":false,"_genesis_hide_breadcrumbs":false,"_genesis_hide_singular_image":false,"_genesis_hide_footer_widgets":false,"_genesis_custom_body_class":"","_genesis_custom_post_class":"","_genesis_layout":"","footnotes":""},"categories":[191],"tags":[196,197,211,212,59,124,50,49],"class_list":{"0":"post-1920","1":"post","2":"type-post","3":"status-publish","4":"format-standard","5":"has-post-thumbnail","7":"category-canadiense-y-estadounidense","8":"tag-almuerzo","9":"tag-cena","10":"tag-dinner-es","11":"tag-lunch-es","12":"tag-pasta","13":"tag-plato-principal","14":"tag-vegano","15":"tag-vegetariano","16":"entry"},"yoast_head":"<!-- This site is optimized with the Yoast SEO plugin v24.6 - https:\/\/yoast.com\/wordpress\/plugins\/seo\/ -->\n<title>Macarrones con Queso - Cilantro and Citronella<\/title>\n<meta name=\"description\" content=\"Cremosos macarrones con queso veganos: Un plato f\u00e1cil y r\u00e1pido hacer y sin ning\u00fan queso vegano procesado! Perfecto para una cena de entre semana.\" \/>\n<meta name=\"robots\" content=\"index, follow, max-snippet:-1, max-image-preview:large, max-video-preview:-1\" \/>\n<link rel=\"canonical\" href=\"https:\/\/www.cilantroandcitronella.com\/es\/macarrones-con-queso\/\" \/>\n<meta property=\"og:locale\" content=\"es_ES\" \/>\n<meta property=\"og:type\" content=\"article\" \/>\n<meta property=\"og:title\" content=\"Macarrones con Queso - Cilantro and Citronella\" \/>\n<meta property=\"og:description\" content=\"Cremosos macarrones con queso veganos: Un plato f\u00e1cil y r\u00e1pido hacer y sin ning\u00fan queso vegano procesado! Perfecto para una cena de entre semana.\" \/>\n<meta property=\"og:url\" content=\"https:\/\/www.cilantroandcitronella.com\/es\/macarrones-con-queso\/\" \/>\n<meta property=\"og:site_name\" content=\"Cilantro and Citronella\" \/>\n<meta property=\"article:published_time\" content=\"2015-12-17T19:48:06+00:00\" \/>\n<meta property=\"article:modified_time\" content=\"2019-09-02T09:07:36+00:00\" \/>\n<meta property=\"og:image\" content=\"https:\/\/www.cilantroandcitronella.com\/wp-content\/uploads\/2015\/12\/Mac-and-Cheese-2-Cilantro-and-Citronella.jpg\" \/>\n\t<meta property=\"og:image:width\" content=\"2448\" \/>\n\t<meta property=\"og:image:height\" content=\"2448\" \/>\n\t<meta property=\"og:image:type\" content=\"image\/jpeg\" \/>\n<meta name=\"author\" content=\"Melissa\" \/>\n<meta name=\"twitter:card\" content=\"summary_large_image\" \/>\n<meta name=\"twitter:creator\" content=\"@CilantroYCitron\" \/>\n<meta name=\"twitter:site\" content=\"@CilantroYCitron\" \/>\n<meta name=\"twitter:label1\" content=\"Escrito por\" \/>\n\t<meta name=\"twitter:data1\" content=\"Melissa\" \/>\n\t<meta name=\"twitter:label2\" content=\"Tiempo de lectura\" \/>\n\t<meta name=\"twitter:data2\" content=\"3 minutos\" \/>\n<script type=\"application\/ld+json\" class=\"yoast-schema-graph\">{\"@context\":\"https:\/\/schema.org\",\"@graph\":[{\"@type\":\"Article\",\"@id\":\"https:\/\/www.cilantroandcitronella.com\/es\/macarrones-con-queso\/#article\",\"isPartOf\":{\"@id\":\"https:\/\/www.cilantroandcitronella.com\/es\/macarrones-con-queso\/\"},\"author\":{\"name\":\"Melissa\",\"@id\":\"https:\/\/www.cilantroandcitronella.com\/#\/schema\/person\/b415fbf6a7f16681f9aaed613e16f272\"},\"headline\":\"Macarrones con Queso\",\"datePublished\":\"2015-12-17T19:48:06+00:00\",\"dateModified\":\"2019-09-02T09:07:36+00:00\",\"mainEntityOfPage\":{\"@id\":\"https:\/\/www.cilantroandcitronella.com\/es\/macarrones-con-queso\/\"},\"wordCount\":507,\"commentCount\":0,\"publisher\":{\"@id\":\"https:\/\/www.cilantroandcitronella.com\/#organization\"},\"image\":{\"@id\":\"https:\/\/www.cilantroandcitronella.com\/es\/macarrones-con-queso\/#primaryimage\"},\"thumbnailUrl\":\"https:\/\/www.cilantroandcitronella.com\/wp-content\/uploads\/2015\/12\/Mac-and-Cheese-2-Cilantro-and-Citronella.jpg\",\"keywords\":[\"almuerzo\",\"cena\",\"dinner\",\"lunch\",\"pasta\",\"plato principal\",\"vegano\",\"vegetariano\"],\"articleSection\":[\"Canadiense y Estadounidense\"],\"inLanguage\":\"es\",\"potentialAction\":[{\"@type\":\"CommentAction\",\"name\":\"Comment\",\"target\":[\"https:\/\/www.cilantroandcitronella.com\/es\/macarrones-con-queso\/#respond\"]}]},{\"@type\":\"WebPage\",\"@id\":\"https:\/\/www.cilantroandcitronella.com\/es\/macarrones-con-queso\/\",\"url\":\"https:\/\/www.cilantroandcitronella.com\/es\/macarrones-con-queso\/\",\"name\":\"Macarrones con Queso - Cilantro and Citronella\",\"isPartOf\":{\"@id\":\"https:\/\/www.cilantroandcitronella.com\/#website\"},\"primaryImageOfPage\":{\"@id\":\"https:\/\/www.cilantroandcitronella.com\/es\/macarrones-con-queso\/#primaryimage\"},\"image\":{\"@id\":\"https:\/\/www.cilantroandcitronella.com\/es\/macarrones-con-queso\/#primaryimage\"},\"thumbnailUrl\":\"https:\/\/www.cilantroandcitronella.com\/wp-content\/uploads\/2015\/12\/Mac-and-Cheese-2-Cilantro-and-Citronella.jpg\",\"datePublished\":\"2015-12-17T19:48:06+00:00\",\"dateModified\":\"2019-09-02T09:07:36+00:00\",\"description\":\"Cremosos macarrones con queso veganos: Un plato f\u00e1cil y r\u00e1pido hacer y sin ning\u00fan queso vegano procesado! Perfecto para una cena de entre semana.\",\"breadcrumb\":{\"@id\":\"https:\/\/www.cilantroandcitronella.com\/es\/macarrones-con-queso\/#breadcrumb\"},\"inLanguage\":\"es\",\"potentialAction\":[{\"@type\":\"ReadAction\",\"target\":[\"https:\/\/www.cilantroandcitronella.com\/es\/macarrones-con-queso\/\"]}]},{\"@type\":\"ImageObject\",\"inLanguage\":\"es\",\"@id\":\"https:\/\/www.cilantroandcitronella.com\/es\/macarrones-con-queso\/#primaryimage\",\"url\":\"https:\/\/www.cilantroandcitronella.com\/wp-content\/uploads\/2015\/12\/Mac-and-Cheese-2-Cilantro-and-Citronella.jpg\",\"contentUrl\":\"https:\/\/www.cilantroandcitronella.com\/wp-content\/uploads\/2015\/12\/Mac-and-Cheese-2-Cilantro-and-Citronella.jpg\",\"width\":2448,\"height\":2448},{\"@type\":\"BreadcrumbList\",\"@id\":\"https:\/\/www.cilantroandcitronella.com\/es\/macarrones-con-queso\/#breadcrumb\",\"itemListElement\":[{\"@type\":\"ListItem\",\"position\":1,\"name\":\"Canadiense y Estadounidense\",\"item\":\"https:\/\/www.cilantroandcitronella.com\/es\/category\/canadiense-y-estadounidense\/\"},{\"@type\":\"ListItem\",\"position\":2,\"name\":\"Macarrones con Queso\"}]},{\"@type\":\"WebSite\",\"@id\":\"https:\/\/www.cilantroandcitronella.com\/#website\",\"url\":\"https:\/\/www.cilantroandcitronella.com\/\",\"name\":\"Cilantro and Citronella\",\"description\":\"Vegan Recipes - Recetas Veganas\",\"publisher\":{\"@id\":\"https:\/\/www.cilantroandcitronella.com\/#organization\"},\"potentialAction\":[{\"@type\":\"SearchAction\",\"target\":{\"@type\":\"EntryPoint\",\"urlTemplate\":\"https:\/\/www.cilantroandcitronella.com\/?s={search_term_string}\"},\"query-input\":{\"@type\":\"PropertyValueSpecification\",\"valueRequired\":true,\"valueName\":\"search_term_string\"}}],\"inLanguage\":\"es\"},{\"@type\":\"Organization\",\"@id\":\"https:\/\/www.cilantroandcitronella.com\/#organization\",\"name\":\"Cilantro and Citronella\",\"url\":\"https:\/\/www.cilantroandcitronella.com\/\",\"logo\":{\"@type\":\"ImageObject\",\"inLanguage\":\"es\",\"@id\":\"https:\/\/www.cilantroandcitronella.com\/#\/schema\/logo\/image\/\",\"url\":\"https:\/\/www.cilantroandcitronella.com\/wp-content\/uploads\/2021\/05\/CC-Featured-image.png\",\"contentUrl\":\"https:\/\/www.cilantroandcitronella.com\/wp-content\/uploads\/2021\/05\/CC-Featured-image.png\",\"width\":1200,\"height\":1200,\"caption\":\"Cilantro and Citronella\"},\"image\":{\"@id\":\"https:\/\/www.cilantroandcitronella.com\/#\/schema\/logo\/image\/\"},\"sameAs\":[\"https:\/\/x.com\/CilantroYCitron\"]},{\"@type\":\"Person\",\"@id\":\"https:\/\/www.cilantroandcitronella.com\/#\/schema\/person\/b415fbf6a7f16681f9aaed613e16f272\",\"name\":\"Melissa\",\"url\":\"https:\/\/www.cilantroandcitronella.com\/es\/author\/melissa\/\"}]}<\/script>\n<!-- \/ Yoast SEO plugin. -->","yoast_head_json":{"title":"Macarrones con Queso - Cilantro and Citronella","description":"Cremosos macarrones con queso veganos: Un plato f\u00e1cil y r\u00e1pido hacer y sin ning\u00fan queso vegano procesado! Perfecto para una cena de entre semana.","robots":{"index":"index","follow":"follow","max-snippet":"max-snippet:-1","max-image-preview":"max-image-preview:large","max-video-preview":"max-video-preview:-1"},"canonical":"https:\/\/www.cilantroandcitronella.com\/es\/macarrones-con-queso\/","og_locale":"es_ES","og_type":"article","og_title":"Macarrones con Queso - Cilantro and Citronella","og_description":"Cremosos macarrones con queso veganos: Un plato f\u00e1cil y r\u00e1pido hacer y sin ning\u00fan queso vegano procesado! Perfecto para una cena de entre semana.","og_url":"https:\/\/www.cilantroandcitronella.com\/es\/macarrones-con-queso\/","og_site_name":"Cilantro and Citronella","article_published_time":"2015-12-17T19:48:06+00:00","article_modified_time":"2019-09-02T09:07:36+00:00","og_image":[{"width":2448,"height":2448,"url":"https:\/\/www.cilantroandcitronella.com\/wp-content\/uploads\/2015\/12\/Mac-and-Cheese-2-Cilantro-and-Citronella.jpg","type":"image\/jpeg"}],"author":"Melissa","twitter_card":"summary_large_image","twitter_creator":"@CilantroYCitron","twitter_site":"@CilantroYCitron","twitter_misc":{"Escrito por":"Melissa","Tiempo de lectura":"3 minutos"},"schema":{"@context":"https:\/\/schema.org","@graph":[{"@type":"Article","@id":"https:\/\/www.cilantroandcitronella.com\/es\/macarrones-con-queso\/#article","isPartOf":{"@id":"https:\/\/www.cilantroandcitronella.com\/es\/macarrones-con-queso\/"},"author":{"name":"Melissa","@id":"https:\/\/www.cilantroandcitronella.com\/#\/schema\/person\/b415fbf6a7f16681f9aaed613e16f272"},"headline":"Macarrones con Queso","datePublished":"2015-12-17T19:48:06+00:00","dateModified":"2019-09-02T09:07:36+00:00","mainEntityOfPage":{"@id":"https:\/\/www.cilantroandcitronella.com\/es\/macarrones-con-queso\/"},"wordCount":507,"commentCount":0,"publisher":{"@id":"https:\/\/www.cilantroandcitronella.com\/#organization"},"image":{"@id":"https:\/\/www.cilantroandcitronella.com\/es\/macarrones-con-queso\/#primaryimage"},"thumbnailUrl":"https:\/\/www.cilantroandcitronella.com\/wp-content\/uploads\/2015\/12\/Mac-and-Cheese-2-Cilantro-and-Citronella.jpg","keywords":["almuerzo","cena","dinner","lunch","pasta","plato principal","vegano","vegetariano"],"articleSection":["Canadiense y Estadounidense"],"inLanguage":"es","potentialAction":[{"@type":"CommentAction","name":"Comment","target":["https:\/\/www.cilantroandcitronella.com\/es\/macarrones-con-queso\/#respond"]}]},{"@type":"WebPage","@id":"https:\/\/www.cilantroandcitronella.com\/es\/macarrones-con-queso\/","url":"https:\/\/www.cilantroandcitronella.com\/es\/macarrones-con-queso\/","name":"Macarrones con Queso - Cilantro and Citronella","isPartOf":{"@id":"https:\/\/www.cilantroandcitronella.com\/#website"},"primaryImageOfPage":{"@id":"https:\/\/www.cilantroandcitronella.com\/es\/macarrones-con-queso\/#primaryimage"},"image":{"@id":"https:\/\/www.cilantroandcitronella.com\/es\/macarrones-con-queso\/#primaryimage"},"thumbnailUrl":"https:\/\/www.cilantroandcitronella.com\/wp-content\/uploads\/2015\/12\/Mac-and-Cheese-2-Cilantro-and-Citronella.jpg","datePublished":"2015-12-17T19:48:06+00:00","dateModified":"2019-09-02T09:07:36+00:00","description":"Cremosos macarrones con queso veganos: Un plato f\u00e1cil y r\u00e1pido hacer y sin ning\u00fan queso vegano procesado! Perfecto para una cena de entre semana.","breadcrumb":{"@id":"https:\/\/www.cilantroandcitronella.com\/es\/macarrones-con-queso\/#breadcrumb"},"inLanguage":"es","potentialAction":[{"@type":"ReadAction","target":["https:\/\/www.cilantroandcitronella.com\/es\/macarrones-con-queso\/"]}]},{"@type":"ImageObject","inLanguage":"es","@id":"https:\/\/www.cilantroandcitronella.com\/es\/macarrones-con-queso\/#primaryimage","url":"https:\/\/www.cilantroandcitronella.com\/wp-content\/uploads\/2015\/12\/Mac-and-Cheese-2-Cilantro-and-Citronella.jpg","contentUrl":"https:\/\/www.cilantroandcitronella.com\/wp-content\/uploads\/2015\/12\/Mac-and-Cheese-2-Cilantro-and-Citronella.jpg","width":2448,"height":2448},{"@type":"BreadcrumbList","@id":"https:\/\/www.cilantroandcitronella.com\/es\/macarrones-con-queso\/#breadcrumb","itemListElement":[{"@type":"ListItem","position":1,"name":"Canadiense y Estadounidense","item":"https:\/\/www.cilantroandcitronella.com\/es\/category\/canadiense-y-estadounidense\/"},{"@type":"ListItem","position":2,"name":"Macarrones con Queso"}]},{"@type":"WebSite","@id":"https:\/\/www.cilantroandcitronella.com\/#website","url":"https:\/\/www.cilantroandcitronella.com\/","name":"Cilantro and Citronella","description":"Vegan Recipes - Recetas Veganas","publisher":{"@id":"https:\/\/www.cilantroandcitronella.com\/#organization"},"potentialAction":[{"@type":"SearchAction","target":{"@type":"EntryPoint","urlTemplate":"https:\/\/www.cilantroandcitronella.com\/?s={search_term_string}"},"query-input":{"@type":"PropertyValueSpecification","valueRequired":true,"valueName":"search_term_string"}}],"inLanguage":"es"},{"@type":"Organization","@id":"https:\/\/www.cilantroandcitronella.com\/#organization","name":"Cilantro and Citronella","url":"https:\/\/www.cilantroandcitronella.com\/","logo":{"@type":"ImageObject","inLanguage":"es","@id":"https:\/\/www.cilantroandcitronella.com\/#\/schema\/logo\/image\/","url":"https:\/\/www.cilantroandcitronella.com\/wp-content\/uploads\/2021\/05\/CC-Featured-image.png","contentUrl":"https:\/\/www.cilantroandcitronella.com\/wp-content\/uploads\/2021\/05\/CC-Featured-image.png","width":1200,"height":1200,"caption":"Cilantro and Citronella"},"image":{"@id":"https:\/\/www.cilantroandcitronella.com\/#\/schema\/logo\/image\/"},"sameAs":["https:\/\/x.com\/CilantroYCitron"]},{"@type":"Person","@id":"https:\/\/www.cilantroandcitronella.com\/#\/schema\/person\/b415fbf6a7f16681f9aaed613e16f272","name":"Melissa","url":"https:\/\/www.cilantroandcitronella.com\/es\/author\/melissa\/"}]}},"mv":{"thumbnail_id":1916,"thumbnail_uri":"https:\/\/www.cilantroandcitronella.com\/wp-content\/uploads\/2015\/12\/Mac-and-Cheese-2-Cilantro-and-Citronella-300x300.jpg"},"_links":{"self":[{"href":"https:\/\/www.cilantroandcitronella.com\/es\/wp-json\/wp\/v2\/posts\/1920\/"}],"collection":[{"href":"https:\/\/www.cilantroandcitronella.com\/es\/wp-json\/wp\/v2\/posts\/"}],"about":[{"href":"https:\/\/www.cilantroandcitronella.com\/es\/wp-json\/wp\/v2\/types\/post\/"}],"author":[{"embeddable":true,"href":"https:\/\/www.cilantroandcitronella.com\/es\/wp-json\/wp\/v2\/users\/1\/"}],"replies":[{"embeddable":true,"href":"https:\/\/www.cilantroandcitronella.com\/es\/wp-json\/wp\/v2\/comments\/?post=1920"}],"version-history":[{"count":3,"href":"https:\/\/www.cilantroandcitronella.com\/es\/wp-json\/wp\/v2\/posts\/1920\/revisions\/"}],"predecessor-version":[{"id":7985,"href":"https:\/\/www.cilantroandcitronella.com\/es\/wp-json\/wp\/v2\/posts\/1920\/revisions\/7985\/"}],"wp:featuredmedia":[{"embeddable":true,"href":"https:\/\/www.cilantroandcitronella.com\/es\/wp-json\/wp\/v2\/media\/1916\/"}],"wp:attachment":[{"href":"https:\/\/www.cilantroandcitronella.com\/es\/wp-json\/wp\/v2\/media\/?parent=1920"}],"wp:term":[{"taxonomy":"category","embeddable":true,"href":"https:\/\/www.cilantroandcitronella.com\/es\/wp-json\/wp\/v2\/categories\/?post=1920"},{"taxonomy":"post_tag","embeddable":true,"href":"https:\/\/www.cilantroandcitronella.com\/es\/wp-json\/wp\/v2\/tags\/?post=1920"}],"curies":[{"name":"wp","href":"https:\/\/api.w.org\/{rel}","templated":true}]}}