{"id":4470,"date":"2016-11-15T20:17:45","date_gmt":"2016-11-15T20:17:45","guid":{"rendered":"https:\/\/www.cilantroandcitronella.com\/es\/?p=4470"},"modified":"2019-08-21T10:47:15","modified_gmt":"2019-08-21T10:47:15","slug":"canelones-veganos","status":"publish","type":"post","link":"https:\/\/www.cilantroandcitronella.com\/es\/canelones-veganos\/","title":{"rendered":"Canelones Veganos"},"content":{"rendered":"<p>Esta receta de canelones veganos va sin soja pero est\u00e1 deliciosa servida en una tarde fr\u00eda de invierno. Estos canelones veganos est\u00e1n rellenos de tub\u00e9rculos asados, y presentados con una salsa romesco casera y pan rallado para un topping crujiente. Este plato elegante utiliza lo mejor de las verduras de temporada y es perfecto para servir en fiestas tan se\u00f1aladas como las que se avecinan.<\/p>\n<p><img loading=\"lazy\" decoding=\"async\" class=\"alignleft size-large wp-image-4457\" src=\"https:\/\/www.cilantroandcitronella.com\/wp-content\/uploads\/2016\/11\/vegan-cannelloni-photo-1-1360x1532.jpg\" alt=\"Esta receta de canelones veganos va sin soja pero est\u00e1 deliciosa servida en una tarde fr\u00eda de invierno. Estos canelones veganos est\u00e1n rellenos de tub\u00e9rculos asados, y presentados con una salsa romesco casera y pan rallado para un topping crujiente. Este plato elegante utiliza lo mejor de las verduras de temporada y es perfecto para servir en fiestas tan se\u00f1aladas como las que se avecinan.\" width=\"1360\" height=\"1532\" \/><\/p>\n<p>En la regi\u00f3n de Espa\u00f1a donde vivo es tradici\u00f3n servir canelones el d\u00eda 26 de diciembre. La idea es acabar con todas las sobras de cad\u00e1ver animal del d\u00eda anterior sirvi\u00e9ndolas dentro de un tubo de pasta y salsa bechamel.<\/p>\n<p>Por suerte los canelones son f\u00e1ciles de veganizar. Puedes rellenar un tubo de pasta con casi cualquier cosa. Lamentablemente la mayor\u00eda de las recetas que resultaron de una b\u00fasqueda para \u201ccanelones veganos\u201d llevaban la t\u00edpica combinaci\u00f3n de espinacas con ricota de tofu y bechamel de leche de soja, o bolo\u00f1esa de soja texurizada con queso vegano de soja.<\/p>\n<p><img loading=\"lazy\" decoding=\"async\" class=\"alignleft size-large wp-image-4459\" src=\"https:\/\/www.cilantroandcitronella.com\/wp-content\/uploads\/2016\/11\/vegan-cannelloni-photo-3-1360x2040.jpg\" alt=\"Esta receta de canelones veganos va sin soja pero est\u00e1 deliciosa servida en una tarde fr\u00eda de invierno. Estos canelones veganos est\u00e1n rellenos de tub\u00e9rculos asados, y presentados con una salsa romesco casera y pan rallado para un topping crujiente. Este plato elegante utiliza lo mejor de las verduras de temporada y es perfecto para servir en fiestas tan se\u00f1aladas como las que se avecinan.\" width=\"1360\" height=\"2040\" \/><\/p>\n<p>Estas recetas llevan mucha, mucha soja, y aunque a mi me encanta el tofu, hay mucha gente que la tiene que evitar por alergia. As\u00ed que emprend\u00ed el reto de crear una receta para canelones veganos sin soja utilizando s\u00f3lo verduras ricas y saludables.<\/p>\n<p>Como estoy preparando esta receta para las fiestas, decid\u00ed utilizar verduras de temporada invernal \u2013 ya que siempre es una buena idea utilizar verduras de temporada. La salsa que eleg\u00ed tambi\u00e9n tiene sus ra\u00edces en la regi\u00f3n.<\/p>\n<p><img loading=\"lazy\" decoding=\"async\" class=\"alignleft size-large wp-image-4471\" src=\"https:\/\/www.cilantroandcitronella.com\/wp-content\/uploads\/2016\/11\/vegan-cannelloni-photo-4-1360x1678.jpg\" alt=\"Esta receta de canelones veganos va sin soja pero est\u00e1 deliciosa servida en una tarde fr\u00eda de invierno. Estos canelones veganos est\u00e1n rellenos de tub\u00e9rculos asados, y presentados con una salsa romesco casera y pan rallado para un topping crujiente. Este plato elegante utiliza lo mejor de las verduras de temporada y es perfecto para servir en fiestas tan se\u00f1aladas como las que se avecinan.\" width=\"1360\" height=\"1678\" srcset=\"https:\/\/www.cilantroandcitronella.com\/wp-content\/uploads\/2016\/11\/vegan-cannelloni-photo-4.jpg 1360w, https:\/\/www.cilantroandcitronella.com\/wp-content\/uploads\/2016\/11\/vegan-cannelloni-photo-4-243x300.jpg 243w, https:\/\/www.cilantroandcitronella.com\/wp-content\/uploads\/2016\/11\/vegan-cannelloni-photo-4-768x948.jpg 768w, https:\/\/www.cilantroandcitronella.com\/wp-content\/uploads\/2016\/11\/vegan-cannelloni-photo-4-162x200.jpg 162w\" sizes=\"auto, (max-width: 1360px) 100vw, 1360px\" \/><\/p>\n<p>La salsa romesco es t\u00edpica de Catalu\u00f1a y se hace con tomates asados, frutos secos y (como la mayor\u00eda de los platos espa\u00f1oles) un chorro generoso de aceite de oliva.<\/p>\n<p>Tuve que adaptar mi <span style=\"color: #3366ff;\"><a style=\"color: #3366ff;\" href=\"https:\/\/www.cilantroandcitronella.com\/es\/faux-calcotada-con-salsa-romesco\/\" target=\"_blank\" rel=\"noopener noreferrer\"><u>receta de salsa romesco<\/u><\/a><\/span> de la \u00faltima vez, la cual acompa\u00f1aba a unos puerros asados, ya que me pareci\u00f3 demasiado fuerte para estos canelones veganos. Esta receta \u201cligera\u201d para romesco es el acompa\u00f1amiento perfecto para estos canelones rellenos de verduras de ra\u00edz.<\/p>\n<p><img loading=\"lazy\" decoding=\"async\" class=\"alignleft size-large wp-image-4473\" src=\"https:\/\/www.cilantroandcitronella.com\/wp-content\/uploads\/2016\/11\/vegan-cannelloni-photo-2-1360x1392.jpg\" alt=\"Esta receta de canelones veganos va sin soja pero est\u00e1 deliciosa servida en una tarde fr\u00eda de invierno. Estos canelones veganos est\u00e1n rellenos de tub\u00e9rculos asados, y presentados con una salsa romesco casera y pan rallado para un topping crujiente. Este plato elegante utiliza lo mejor de las verduras de temporada y es perfecto para servir en fiestas tan se\u00f1aladas como las que se avecinan.\" width=\"1360\" height=\"1392\" srcset=\"https:\/\/www.cilantroandcitronella.com\/wp-content\/uploads\/2016\/11\/vegan-cannelloni-photo-2.jpg 1360w, https:\/\/www.cilantroandcitronella.com\/wp-content\/uploads\/2016\/11\/vegan-cannelloni-photo-2-293x300.jpg 293w, https:\/\/www.cilantroandcitronella.com\/wp-content\/uploads\/2016\/11\/vegan-cannelloni-photo-2-768x786.jpg 768w, https:\/\/www.cilantroandcitronella.com\/wp-content\/uploads\/2016\/11\/vegan-cannelloni-photo-2-195x200.jpg 195w\" sizes=\"auto, (max-width: 1360px) 100vw, 1360px\" \/><\/p>\n<p>Estos canelones veganos resultaron ser muy coloridos y atractivos en el plato. Si los est\u00e1s sirviendo para las fiestas u otra ocasi\u00f3n especial, recomiendo acompa\u00f1arlos con otro plato atractivo y con verduras de temporada como este <span style=\"color: #3366ff;\"><a style=\"color: #3366ff;\" href=\"https:\/\/www.cilantroandcitronella.com\/es\/tartar-de-remolacha-y-boniato\/\" target=\"_blank\" rel=\"noopener noreferrer\"><u>tartar de remolacha y boniato<\/u><\/a><\/span>. O si est\u00e1s buscando otras recetas espa\u00f1olas veganizadas, prueba esta deliciosa receta para <span style=\"color: #3366ff;\"><a style=\"color: #3366ff;\" href=\"https:\/\/www.cilantroandcitronella.com\/es\/fideua-de-setas\/\" target=\"_blank\" rel=\"noopener noreferrer\"><u>fideu\u00e1 de setas<\/u><\/a><\/span>.<\/p>\n<div id=\"recipe\"><\/div><div id=\"wprm-recipe-container-7629\" class=\"wprm-recipe-container\" data-recipe-id=\"7629\" data-servings=\"4\"><div class=\"wprm-recipe wprm-recipe-template-c-and-c-spanish\"><div class=\"wprm-container-float-right\">\n\t<div class=\"wprm-recipe-image wprm-block-image-normal\"><img loading=\"lazy\" decoding=\"async\" style=\"border-width: 0px;border-style: solid;border-color: #666666;\" width=\"150\" height=\"150\" src=\"https:\/\/www.cilantroandcitronella.com\/wp-content\/uploads\/2016\/11\/vegan-cannelloni-photo-1-150x150.jpg\" class=\"attachment-150x150 size-150x150\" alt=\"Esta receta de canelones veganos va sin soja pero est\u00e1 deliciosa servida en una tarde fr\u00eda de invierno. Estos canelones veganos est\u00e1n rellenos de tub\u00e9rculos asados, y presentados con una salsa romesco casera y pan rallado para un topping crujiente. Este plato elegante utiliza lo mejor de las verduras de temporada y es perfecto para servir en fiestas tan se\u00f1aladas como las que se avecinan.\" srcset=\"https:\/\/www.cilantroandcitronella.com\/wp-content\/uploads\/2016\/11\/vegan-cannelloni-photo-1-150x150.jpg 150w, https:\/\/www.cilantroandcitronella.com\/wp-content\/uploads\/2016\/11\/vegan-cannelloni-photo-1-500x500.jpg 500w, https:\/\/www.cilantroandcitronella.com\/wp-content\/uploads\/2016\/11\/vegan-cannelloni-photo-1-360x360.jpg 360w, https:\/\/www.cilantroandcitronella.com\/wp-content\/uploads\/2016\/11\/vegan-cannelloni-photo-1-720x720.jpg 720w, https:\/\/www.cilantroandcitronella.com\/wp-content\/uploads\/2016\/11\/vegan-cannelloni-photo-1-180x180.jpg 180w, https:\/\/www.cilantroandcitronella.com\/wp-content\/uploads\/2016\/11\/vegan-cannelloni-photo-1-200x200.jpg 200w, https:\/\/www.cilantroandcitronella.com\/wp-content\/uploads\/2016\/11\/vegan-cannelloni-photo-1-320x320.jpg 320w, https:\/\/www.cilantroandcitronella.com\/wp-content\/uploads\/2016\/11\/vegan-cannelloni-photo-1-480x480.jpg 480w\" sizes=\"auto, (max-width: 150px) 100vw, 150px\" \/><\/div>\n\t<div class=\"wprm-spacer\" style=\"height: 5px;\"><\/div>\n\t<a href=\"https:\/\/www.cilantroandcitronella.com\/es\/wprm_print\/canelones-veganos\" style=\"color: #444444;background-color: #ffffff;border-color: #777777;border-radius: 0px;padding: 5px 5px;\" class=\"wprm-recipe-print wprm-recipe-link wprm-print-recipe-shortcode wprm-block-text-normal wprm-recipe-print-wide-button wprm-recipe-link-wide-button wprm-color-accent\" data-recipe-id=\"7629\" data-template=\"\" target=\"_blank\" rel=\"nofollow\"><span class=\"wprm-recipe-icon wprm-recipe-print-icon\"><svg xmlns=\"http:\/\/www.w3.org\/2000\/svg\" xmlns:xlink=\"http:\/\/www.w3.org\/1999\/xlink\" x=\"0px\" y=\"0px\" width=\"16px\" height=\"16px\" viewBox=\"0 0 24 24\"><g ><path fill=\"#444444\" d=\"M19,5.09V1c0-0.552-0.448-1-1-1H6C5.448,0,5,0.448,5,1v4.09C2.167,5.569,0,8.033,0,11v7c0,0.552,0.448,1,1,1h4v4c0,0.552,0.448,1,1,1h12c0.552,0,1-0.448,1-1v-4h4c0.552,0,1-0.448,1-1v-7C24,8.033,21.833,5.569,19,5.09z M7,2h10v3H7V2z M17,22H7v-9h10V22z M18,10c-0.552,0-1-0.448-1-1c0-0.552,0.448-1,1-1s1,0.448,1,1C19,9.552,18.552,10,18,10z\"\/><\/g><\/svg><\/span> Imprimir<\/a>\n\t\n\t\n<\/div>\n<h2 class=\"wprm-recipe-name wprm-block-text-bold\">Canelones Veganos<\/h2>\n<div class=\"wprm-spacer\" style=\"height: 5px;\"><\/div>\n<div class=\"wprm-recipe-summary wprm-block-text-normal\"><span style=\"display: block;\">Estos canelones veganos est\u00e1n rellenos de tub\u00e9rculos asados, y presentados con una salsa romesco casera y pan rallado para un topping crujiente.<\/span><\/div>\n<div class=\"wprm-spacer\"><\/div>\n<div class=\"wprm-recipe-meta-container wprm-recipe-times-container wprm-recipe-details-container wprm-recipe-details-container-table wprm-block-text-normal wprm-recipe-table-borders-top-bottom wprm-recipe-table-borders-inside\" style=\"border-width: 1px;border-style: solid;border-color: #777777;\"><div class=\"wprm-recipe-block-container wprm-recipe-block-container-table wprm-block-text-normal wprm-recipe-time-container wprm-recipe-prep-time-container\" style=\"border-width: 1px;border-style: solid;border-color: #777777;\"><span class=\"wprm-recipe-details-label wprm-block-text-faded wprm-recipe-time-label wprm-recipe-prep-time-label\">Preparaci\u00f3n<\/span><span class=\"wprm-recipe-time wprm-block-text-normal\"><span class=\"wprm-recipe-details wprm-recipe-details-minutes wprm-recipe-prep_time wprm-recipe-prep_time-minutes\">10<span class=\"sr-only screen-reader-text wprm-screen-reader-text\"> minutos<\/span><\/span> <span class=\"wprm-recipe-details-unit wprm-recipe-details-minutes wprm-recipe-prep_time-unit wprm-recipe-prep_timeunit-minutes\" aria-hidden=\"true\">minutos<\/span><\/span><\/div><div class=\"wprm-recipe-block-container wprm-recipe-block-container-table wprm-block-text-normal wprm-recipe-time-container wprm-recipe-cook-time-container\" style=\"border-width: 1px;border-style: solid;border-color: #777777;\"><span class=\"wprm-recipe-details-label wprm-block-text-faded wprm-recipe-time-label wprm-recipe-cook-time-label\">Cocci\u00f3n<\/span><span class=\"wprm-recipe-time wprm-block-text-normal\"><span class=\"wprm-recipe-details wprm-recipe-details-hours wprm-recipe-cook_time wprm-recipe-cook_time-hours\">1<span class=\"sr-only screen-reader-text wprm-screen-reader-text\"> hora<\/span><\/span> <span class=\"wprm-recipe-details-unit wprm-recipe-details-unit-hours wprm-recipe-cook_time-unit wprm-recipe-cook_timeunit-hours\" aria-hidden=\"true\">hora<\/span> <span class=\"wprm-recipe-details wprm-recipe-details-minutes wprm-recipe-cook_time wprm-recipe-cook_time-minutes\">20<span class=\"sr-only screen-reader-text wprm-screen-reader-text\"> minutos<\/span><\/span> <span class=\"wprm-recipe-details-unit wprm-recipe-details-minutes wprm-recipe-cook_time-unit wprm-recipe-cook_timeunit-minutes\" aria-hidden=\"true\">minutos<\/span><\/span><\/div><div class=\"wprm-recipe-block-container wprm-recipe-block-container-table wprm-block-text-normal wprm-recipe-time-container wprm-recipe-total-time-container\" style=\"border-width: 1px;border-style: solid;border-color: #777777;\"><span class=\"wprm-recipe-details-label wprm-block-text-faded wprm-recipe-time-label wprm-recipe-total-time-label\">Total<\/span><span class=\"wprm-recipe-time wprm-block-text-normal\"><span class=\"wprm-recipe-details wprm-recipe-details-hours wprm-recipe-total_time wprm-recipe-total_time-hours\">1<span class=\"sr-only screen-reader-text wprm-screen-reader-text\"> hora<\/span><\/span> <span class=\"wprm-recipe-details-unit wprm-recipe-details-unit-hours wprm-recipe-total_time-unit wprm-recipe-total_timeunit-hours\" aria-hidden=\"true\">hora<\/span> <span class=\"wprm-recipe-details wprm-recipe-details-minutes wprm-recipe-total_time wprm-recipe-total_time-minutes\">30<span class=\"sr-only screen-reader-text wprm-screen-reader-text\"> minutos<\/span><\/span> <span class=\"wprm-recipe-details-unit wprm-recipe-details-minutes wprm-recipe-total_time-unit wprm-recipe-total_timeunit-minutes\" aria-hidden=\"true\">minutos<\/span><\/span><\/div><\/div>\n<div class=\"wprm-spacer\" style=\"height: 5px;\"><\/div>\n<div class=\"wprm-recipe-meta-container wprm-recipe-tags-container wprm-recipe-details-container wprm-recipe-details-container-inline wprm-block-text-normal\"><div class=\"wprm-recipe-block-container wprm-recipe-block-container-inline wprm-block-text-normal wprm-recipe-tag-container wprm-recipe-course-container\" style=\"\"><span class=\"wprm-recipe-details-label wprm-block-text-faded wprm-recipe-tag-label wprm-recipe-course-label\">Categor\u00eda: <\/span><span class=\"wprm-recipe-course wprm-block-text-normal\">Plato Principal<\/span><\/div><div class=\"wprm-recipe-block-container wprm-recipe-block-container-inline wprm-block-text-normal wprm-recipe-tag-container wprm-recipe-cuisine-container\" style=\"\"><span class=\"wprm-recipe-details-label wprm-block-text-faded wprm-recipe-tag-label wprm-recipe-cuisine-label\">Cocina: <\/span><span class=\"wprm-recipe-cuisine wprm-block-text-normal\">Italiana<\/span><\/div><div class=\"wprm-recipe-block-container wprm-recipe-block-container-inline wprm-block-text-normal wprm-recipe-tag-container wprm-recipe-keyword-container\" style=\"\"><span class=\"wprm-recipe-details-label wprm-block-text-faded wprm-recipe-tag-label wprm-recipe-keyword-label\">Palabra Clave: <\/span><span class=\"wprm-recipe-keyword wprm-block-text-normal\">Vegana<\/span><\/div><\/div>\n<div class=\"wprm-recipe-block-container wprm-recipe-block-container-inline wprm-block-text-normal wprm-recipe-servings-container\" style=\"\"><span class=\"wprm-recipe-details-label wprm-block-text-faded wprm-recipe-servings-label\">Raciones: <\/span><span class=\"wprm-recipe-servings-with-unit\"><span class=\"wprm-recipe-servings wprm-recipe-details wprm-block-text-normal\">4<\/span> <span class=\"wprm-recipe-servings-unit wprm-recipe-details-unit wprm-block-text-normal\">a 6 comensales<\/span><\/span><\/div>\n<div class=\"wprm-recipe-block-container wprm-recipe-block-container-inline wprm-block-text-normal wprm-recipe-nutrition-container wprm-recipe-calories-container\" style=\"\"><span class=\"wprm-recipe-details-label wprm-block-text-faded wprm-recipe-nutrition-label wprm-recipe-calories-label\">Calories: <\/span><span class=\"wprm-recipe-nutrition-with-unit\"><span class=\"wprm-recipe-details wprm-recipe-nutrition wprm-recipe-calories wprm-block-text-normal\">1393<\/span><span class=\"wprm-recipe-details-unit wprm-recipe-nutrition-unit wprm-recipe-calories-unit wprm-block-text-normal\">kcal<\/span><\/span><\/div>\n<div class=\"wprm-recipe-block-container wprm-recipe-block-container-inline wprm-block-text-normal wprm-recipe-author-container\" style=\"\"><span class=\"wprm-recipe-details-label wprm-block-text-faded wprm-recipe-author-label\">Autor: <\/span><span class=\"wprm-recipe-details wprm-recipe-author wprm-block-text-normal\">Cilantro & Citronella<\/span><\/div>\n\n\n<div id=\"recipe-7629-ingredients\" class=\"wprm-recipe-ingredients-container wprm-recipe-7629-ingredients-container wprm-block-text-normal wprm-ingredient-style-regular wprm-recipe-images-before\" data-recipe=\"7629\" data-servings=\"4\"><h3 class=\"wprm-recipe-header wprm-recipe-ingredients-header wprm-block-text-bold wprm-align-left wprm-header-decoration-none\" style=\"\">Ingredientes<\/h3><div class=\"wprm-recipe-ingredient-group\"><ul class=\"wprm-recipe-ingredients\"><li class=\"wprm-recipe-ingredient\" style=\"list-style-type: disc;\"><span class=\"wprm-recipe-ingredient-amount\">6 <\/span>&#32;<span class=\"wprm-recipe-ingredient-name\">tomates medianos<\/span><\/li><li class=\"wprm-recipe-ingredient\" style=\"list-style-type: disc;\"><span class=\"wprm-recipe-ingredient-amount\">3<\/span>&#32;<span class=\"wprm-recipe-ingredient-unit\">dientes<\/span>&#32;<span class=\"wprm-recipe-ingredient-name\">de ajo<\/span>&#32;<span class=\"wprm-recipe-ingredient-notes wprm-recipe-ingredient-notes-faded\">sin pelar<\/span><\/li><li class=\"wprm-recipe-ingredient\" style=\"list-style-type: disc;\"><span class=\"wprm-recipe-ingredient-amount\">175<\/span>&#32;<span class=\"wprm-recipe-ingredient-unit\">ml<\/span>&#32;<span class=\"wprm-recipe-ingredient-name\">de aceite de oliva<\/span>&#32;<span class=\"wprm-recipe-ingredient-notes wprm-recipe-ingredient-notes-faded\">dividido<\/span><\/li><li class=\"wprm-recipe-ingredient\" style=\"list-style-type: disc;\"><span class=\"wprm-recipe-ingredient-amount\">Unos 875<\/span>&#32;<span class=\"wprm-recipe-ingredient-unit\">gramos<\/span>&#32;<span class=\"wprm-recipe-ingredient-name\">de tub\u00e9rculos. Utilic\u00e9 un nabo peque\u00f1o<\/span>&#32;<span class=\"wprm-recipe-ingredient-notes wprm-recipe-ingredient-notes-faded\">una chiriv\u00eda, dos zanahorias y un boniato mediano.<\/span><\/li><li class=\"wprm-recipe-ingredient\" style=\"list-style-type: disc;\"><span class=\"wprm-recipe-ingredient-amount\">1<\/span>&#32;<span class=\"wprm-recipe-ingredient-name\">puerro<\/span><\/li><li class=\"wprm-recipe-ingredient\" style=\"list-style-type: disc;\"><span class=\"wprm-recipe-ingredient-name\">Las hojas de un ramo grande de romero<\/span>&#32;<span class=\"wprm-recipe-ingredient-notes wprm-recipe-ingredient-notes-faded\">picados finamente<\/span><\/li><li class=\"wprm-recipe-ingredient\" style=\"list-style-type: disc;\"><span class=\"wprm-recipe-ingredient-amount\">2<\/span>&#32;<span class=\"wprm-recipe-ingredient-name\">cucharaditas de sal<\/span>&#32;<span class=\"wprm-recipe-ingredient-notes wprm-recipe-ingredient-notes-faded\">divididas<\/span><\/li><li class=\"wprm-recipe-ingredient\" style=\"list-style-type: disc;\"><span class=\"wprm-recipe-ingredient-name\">Pimienta<\/span>&#32;<span class=\"wprm-recipe-ingredient-notes wprm-recipe-ingredient-notes-faded\">al gusto<\/span><\/li><li class=\"wprm-recipe-ingredient\" style=\"list-style-type: disc;\"><span class=\"wprm-recipe-ingredient-amount\">2<\/span>&#32;<span class=\"wprm-recipe-ingredient-name\">\u00f1oras<\/span>&#32;<span class=\"wprm-recipe-ingredient-notes wprm-recipe-ingredient-notes-faded\">remojadas en agua caliente (opcional)<\/span><\/li><li class=\"wprm-recipe-ingredient\" style=\"list-style-type: disc;\"><span class=\"wprm-recipe-ingredient-amount\">70<\/span>&#32;<span class=\"wprm-recipe-ingredient-unit\">gramos<\/span>&#32;<span class=\"wprm-recipe-ingredient-name\">de almendras crudas<\/span><\/li><li class=\"wprm-recipe-ingredient\" style=\"list-style-type: disc;\"><span class=\"wprm-recipe-ingredient-amount\">70<\/span>&#32;<span class=\"wprm-recipe-ingredient-unit\">gramos<\/span>&#32;<span class=\"wprm-recipe-ingredient-name\">de avellanas crudas<\/span><\/li><li class=\"wprm-recipe-ingredient\" style=\"list-style-type: disc;\"><span class=\"wprm-recipe-ingredient-amount\">80<\/span>&#32;<span class=\"wprm-recipe-ingredient-unit\">ml<\/span>&#32;<span class=\"wprm-recipe-ingredient-name\">de caldo de verduras o agua<\/span><\/li><li class=\"wprm-recipe-ingredient\" style=\"list-style-type: disc;\"><span class=\"wprm-recipe-ingredient-amount\">20<\/span>&#32;<span class=\"wprm-recipe-ingredient-unit\">l\u00e1minas<\/span>&#32;<span class=\"wprm-recipe-ingredient-name\">de pasta para canelones<\/span><\/li><li class=\"wprm-recipe-ingredient\" style=\"list-style-type: disc;\"><span class=\"wprm-recipe-ingredient-amount\">35<\/span>&#32;<span class=\"wprm-recipe-ingredient-unit\">gramos<\/span>&#32;<span class=\"wprm-recipe-ingredient-name\">de pan rallado<\/span><\/li><li class=\"wprm-recipe-ingredient\" style=\"list-style-type: disc;\"><span class=\"wprm-recipe-ingredient-name\">Perejil<\/span>&#32;<span class=\"wprm-recipe-ingredient-notes wprm-recipe-ingredient-notes-faded\">para decorar (opcional)<\/span><\/li><\/ul><\/div><\/div>\n<div id=\"recipe-7629-instructions\" class=\"wprm-recipe-instructions-container wprm-recipe-7629-instructions-container wprm-block-text-normal\" data-recipe=\"7629\"><h3 class=\"wprm-recipe-header wprm-recipe-instructions-header wprm-block-text-bold wprm-align-left wprm-header-decoration-none\" style=\"\">Instrucciones<\/h3><div class=\"wprm-recipe-instruction-group\"><ul class=\"wprm-recipe-instructions\"><li id=\"wprm-recipe-7629-step-0-0\" class=\"wprm-recipe-instruction\" style=\"list-style-type: decimal;\"><div class=\"wprm-recipe-instruction-text\" style=\"margin-bottom: 5px;\">Precalentar el horno a 175\u00b0C. Hacer un corte en forma de cruz en la parte inferior de cada tomate y colocarlos en un recipiente apto para el horno. Meter los dientes de ajo en las cruces de los tomates y verter 2 cucharadas de aceite sobre los tomates y ajo. Asar hasta que la piel de los tomates est\u00e9 negra en la parte superior \u2013 de 45 minutos a una hora. Vigilar los dientes de ajo y sacarlos cuando est\u00e9n blandos y asados.<\/div><\/li><li id=\"wprm-recipe-7629-step-0-1\" class=\"wprm-recipe-instruction\" style=\"list-style-type: decimal;\"><div class=\"wprm-recipe-instruction-text\" style=\"margin-bottom: 5px;\">Mientras tanto pelar y cortar los tub\u00e9rculos y el puerro en dados de 1 cm. Mezclar con 2 cucharadas de aceite, 1 cucharadita de sal, pimienta y romero picado. Repartir las verduras en una o dos bandejas aptas para el horno y asar hasta que est\u00e9n blandas \u2013 de 15 a 20 minutos.<\/div><\/li><li id=\"wprm-recipe-7629-step-0-2\" class=\"wprm-recipe-instruction\" style=\"list-style-type: decimal;\"><div class=\"wprm-recipe-instruction-text\" style=\"margin-bottom: 5px;\">Tostar las almendras y avellanas en una sart\u00e9n sin aceite a fuego medio. Abrir las \u00f1oras y sacar la pulpa con una cucharadita.<\/div><\/li><li id=\"wprm-recipe-7629-step-0-3\" class=\"wprm-recipe-instruction\" style=\"list-style-type: decimal;\"><div class=\"wprm-recipe-instruction-text\" style=\"margin-bottom: 5px;\">Una vez los tomates y el ajo est\u00e9n asados y fr\u00edos, pelarlos. Cortar dos tomates a dados y a\u00f1adirlos a los tub\u00e9rculos asados. Licuar los cuatros tomates restantes, el ajo y la pulpa de \u00f1ora en una licuadora. Con la licuadora en marcha, lentamente verter 120 ml de aceite de oliva. A\u00f1adir las almendras, avellanas, 1 cucharadita de sal y el caldo o agua. Procesar hasta obtener una salsa. Est\u00e1 bien si quedan trocitos de frutos secos. Si la salsa est\u00e1 demasiado espesa, a\u00f1adir un poco m\u00e1s de caldo o agua.<\/div><\/li><li id=\"wprm-recipe-7629-step-0-4\" class=\"wprm-recipe-instruction\" style=\"list-style-type: decimal;\"><div class=\"wprm-recipe-instruction-text\" style=\"margin-bottom: 5px;\">Preparar las l\u00e1minas de pasta seg\u00fan las indicaciones del producto. Verter un poco de la salsa en el fondo de una recipiente grande apto para el horno para que tus canelones no se peguen. Probar la mezcla de verduras y a\u00f1adir un poco m\u00e1s de sal y pimienta si es necesario. Tambi\u00e9n ayudar aplastando las verduras un poco con un tenedor para facilitar el proceso de rellenar la pasta. Rellenar los canelones y colocarlos en el recipiente. Verter la salsa encima, aseg\u00farate de no dejar nada de pasta sin salsa para que no se seque en el horno. Esparcir el pan rallado por encima y hornear de 15 a 20 minutos o hasta que el pan rallado est\u00e9 dorado y los canelones est\u00e9n calientes. Decorar con perejil fresco.<\/div><\/li><\/ul><\/div><\/div>\n\n\n<\/div><\/div>\n<p><img loading=\"lazy\" decoding=\"async\" class=\"alignleft size-full wp-image-3952\" src=\"https:\/\/www.cilantroandcitronella.com\/wp-content\/uploads\/2016\/09\/pic-of-me-2.png\" alt=\"Melissa Foto\" width=\"119\" height=\"118\" \/>Hola, soy Melissa! Si te ha gustado la receta y quieres m\u00e1s como esta, s\u00edgueme en\u00a0<span style=\"color: #3366ff;\"><a style=\"color: #3366ff;\" href=\"https:\/\/www.facebook.com\/CilantroandCitronellaEspanol\/?fref=ts\" target=\"_blank\" rel=\"noopener noreferrer\">Facebook<\/a><\/span>,\u00a0<span style=\"color: #3366ff;\"><a style=\"color: #3366ff;\" href=\"https:\/\/www.instagram.com\/cilantro_and_citronella\/\" target=\"_blank\" rel=\"noopener noreferrer\">Instagram<\/a><\/span>, o\u00a0<span style=\"color: #3366ff;\"><a style=\"color: #3366ff;\" href=\"https:\/\/twitter.com\/CilantroYCitron\" target=\"_blank\" rel=\"noopener noreferrer\">Twitter<\/a><\/span>.<\/p>\n<div id=\"content_3_btf_waypoint\"><em>El contenido de esta p\u00e1gina est\u00e1 protegido por leyes de copyright y propiedad intelectual. Asimismo, ning\u00fan elemento disponible en esta web podr\u00e1 ser utilizado, copiado o distribuido\u00a0sin el permiso por escrito de la propietaria. Los usuarios pueden hacer enlaces a esta p\u00e1gina web y compartirla en los redes sociales siempre que el nombre de la\u00a0p\u00e1gina sea visible.<\/em><\/div>\n","protected":false},"excerpt":{"rendered":"<p>Esta receta de canelones veganos va sin soja pero est\u00e1 deliciosa servida en una tarde fr\u00eda de invierno. Estos canelones veganos est\u00e1n rellenos de tub\u00e9rculos asados, y presentados con una salsa romesco casera y pan rallado para un topping crujiente. Este plato elegante utiliza lo mejor de las verduras de temporada y es perfecto para...<\/p>\n<p><a class=\"more-link\" href=\"https:\/\/www.cilantroandcitronella.com\/es\/canelones-veganos\/\">Read More<\/a><\/p>","protected":false},"author":1,"featured_media":4458,"comment_status":"open","ping_status":"closed","sticky":false,"template":"","format":"standard","meta":{"wprm-recipe-roundup-name":"","wprm-recipe-roundup-description":"","_genesis_hide_title":false,"_genesis_hide_breadcrumbs":false,"_genesis_hide_singular_image":false,"_genesis_hide_footer_widgets":false,"_genesis_custom_body_class":"","_genesis_custom_post_class":"","_genesis_layout":"","footnotes":""},"categories":[115],"tags":[196,197,211,212,124,50,49],"class_list":{"0":"post-4470","1":"post","2":"type-post","3":"status-publish","4":"format-standard","5":"has-post-thumbnail","7":"category-italiano","8":"tag-almuerzo","9":"tag-cena","10":"tag-dinner-es","11":"tag-lunch-es","12":"tag-plato-principal","13":"tag-vegano","14":"tag-vegetariano","15":"entry"},"yoast_head":"<!-- This site is optimized with the Yoast SEO plugin v24.6 - https:\/\/yoast.com\/wordpress\/plugins\/seo\/ -->\n<title>Canelones Veganos - Cilantro and Citronella<\/title>\n<meta name=\"description\" content=\"Esta receta de canelones veganos va sin soja y estan rellenos de tub\u00e9rculos asados. Presentados con una salsa romesco casera y pan rallado..\" \/>\n<meta name=\"robots\" content=\"index, follow, max-snippet:-1, max-image-preview:large, max-video-preview:-1\" \/>\n<link rel=\"canonical\" href=\"https:\/\/www.cilantroandcitronella.com\/es\/canelones-veganos\/\" \/>\n<meta property=\"og:locale\" content=\"es_ES\" \/>\n<meta property=\"og:type\" content=\"article\" \/>\n<meta property=\"og:title\" content=\"Canelones Veganos - Cilantro and Citronella\" \/>\n<meta property=\"og:description\" content=\"Esta receta de canelones veganos va sin soja y estan rellenos de tub\u00e9rculos asados. Presentados con una salsa romesco casera y pan rallado..\" \/>\n<meta property=\"og:url\" content=\"https:\/\/www.cilantroandcitronella.com\/es\/canelones-veganos\/\" \/>\n<meta property=\"og:site_name\" content=\"Cilantro and Citronella\" \/>\n<meta property=\"article:published_time\" content=\"2016-11-15T20:17:45+00:00\" \/>\n<meta property=\"article:modified_time\" content=\"2019-08-21T10:47:15+00:00\" \/>\n<meta property=\"og:image\" content=\"https:\/\/www.cilantroandcitronella.com\/wp-content\/uploads\/2016\/11\/vegan-cannelloni-photo-1.jpg\" \/>\n\t<meta property=\"og:image:width\" content=\"1360\" \/>\n\t<meta property=\"og:image:height\" content=\"1532\" \/>\n\t<meta property=\"og:image:type\" content=\"image\/jpeg\" \/>\n<meta name=\"author\" content=\"Melissa\" \/>\n<meta name=\"twitter:card\" content=\"summary_large_image\" \/>\n<meta name=\"twitter:creator\" content=\"@CilantroYCitron\" \/>\n<meta name=\"twitter:site\" content=\"@CilantroYCitron\" \/>\n<meta name=\"twitter:label1\" content=\"Escrito por\" \/>\n\t<meta name=\"twitter:data1\" content=\"Melissa\" \/>\n\t<meta name=\"twitter:label2\" content=\"Tiempo de lectura\" \/>\n\t<meta name=\"twitter:data2\" content=\"5 minutos\" \/>\n<script type=\"application\/ld+json\" class=\"yoast-schema-graph\">{\"@context\":\"https:\/\/schema.org\",\"@graph\":[{\"@type\":\"Article\",\"@id\":\"https:\/\/www.cilantroandcitronella.com\/es\/canelones-veganos\/#article\",\"isPartOf\":{\"@id\":\"https:\/\/www.cilantroandcitronella.com\/es\/canelones-veganos\/\"},\"author\":{\"name\":\"Melissa\",\"@id\":\"https:\/\/www.cilantroandcitronella.com\/#\/schema\/person\/b415fbf6a7f16681f9aaed613e16f272\"},\"headline\":\"Canelones Veganos\",\"datePublished\":\"2016-11-15T20:17:45+00:00\",\"dateModified\":\"2019-08-21T10:47:15+00:00\",\"mainEntityOfPage\":{\"@id\":\"https:\/\/www.cilantroandcitronella.com\/es\/canelones-veganos\/\"},\"wordCount\":968,\"commentCount\":0,\"publisher\":{\"@id\":\"https:\/\/www.cilantroandcitronella.com\/#organization\"},\"image\":{\"@id\":\"https:\/\/www.cilantroandcitronella.com\/es\/canelones-veganos\/#primaryimage\"},\"thumbnailUrl\":\"https:\/\/www.cilantroandcitronella.com\/wp-content\/uploads\/2016\/11\/vegan-cannelloni-photo-1.jpg\",\"keywords\":[\"almuerzo\",\"cena\",\"dinner\",\"lunch\",\"plato principal\",\"vegano\",\"vegetariano\"],\"articleSection\":[\"Italiano\"],\"inLanguage\":\"es\",\"potentialAction\":[{\"@type\":\"CommentAction\",\"name\":\"Comment\",\"target\":[\"https:\/\/www.cilantroandcitronella.com\/es\/canelones-veganos\/#respond\"]}]},{\"@type\":\"WebPage\",\"@id\":\"https:\/\/www.cilantroandcitronella.com\/es\/canelones-veganos\/\",\"url\":\"https:\/\/www.cilantroandcitronella.com\/es\/canelones-veganos\/\",\"name\":\"Canelones Veganos - Cilantro and Citronella\",\"isPartOf\":{\"@id\":\"https:\/\/www.cilantroandcitronella.com\/#website\"},\"primaryImageOfPage\":{\"@id\":\"https:\/\/www.cilantroandcitronella.com\/es\/canelones-veganos\/#primaryimage\"},\"image\":{\"@id\":\"https:\/\/www.cilantroandcitronella.com\/es\/canelones-veganos\/#primaryimage\"},\"thumbnailUrl\":\"https:\/\/www.cilantroandcitronella.com\/wp-content\/uploads\/2016\/11\/vegan-cannelloni-photo-1.jpg\",\"datePublished\":\"2016-11-15T20:17:45+00:00\",\"dateModified\":\"2019-08-21T10:47:15+00:00\",\"description\":\"Esta receta de canelones veganos va sin soja y estan rellenos de tub\u00e9rculos asados. Presentados con una salsa romesco casera y pan rallado..\",\"breadcrumb\":{\"@id\":\"https:\/\/www.cilantroandcitronella.com\/es\/canelones-veganos\/#breadcrumb\"},\"inLanguage\":\"es\",\"potentialAction\":[{\"@type\":\"ReadAction\",\"target\":[\"https:\/\/www.cilantroandcitronella.com\/es\/canelones-veganos\/\"]}]},{\"@type\":\"ImageObject\",\"inLanguage\":\"es\",\"@id\":\"https:\/\/www.cilantroandcitronella.com\/es\/canelones-veganos\/#primaryimage\",\"url\":\"https:\/\/www.cilantroandcitronella.com\/wp-content\/uploads\/2016\/11\/vegan-cannelloni-photo-1.jpg\",\"contentUrl\":\"https:\/\/www.cilantroandcitronella.com\/wp-content\/uploads\/2016\/11\/vegan-cannelloni-photo-1.jpg\",\"width\":1360,\"height\":1532},{\"@type\":\"BreadcrumbList\",\"@id\":\"https:\/\/www.cilantroandcitronella.com\/es\/canelones-veganos\/#breadcrumb\",\"itemListElement\":[{\"@type\":\"ListItem\",\"position\":1,\"name\":\"Italiano\",\"item\":\"https:\/\/www.cilantroandcitronella.com\/es\/category\/italiano\/\"},{\"@type\":\"ListItem\",\"position\":2,\"name\":\"Canelones Veganos\"}]},{\"@type\":\"WebSite\",\"@id\":\"https:\/\/www.cilantroandcitronella.com\/#website\",\"url\":\"https:\/\/www.cilantroandcitronella.com\/\",\"name\":\"Cilantro and Citronella\",\"description\":\"Vegan Recipes - Recetas Veganas\",\"publisher\":{\"@id\":\"https:\/\/www.cilantroandcitronella.com\/#organization\"},\"potentialAction\":[{\"@type\":\"SearchAction\",\"target\":{\"@type\":\"EntryPoint\",\"urlTemplate\":\"https:\/\/www.cilantroandcitronella.com\/?s={search_term_string}\"},\"query-input\":{\"@type\":\"PropertyValueSpecification\",\"valueRequired\":true,\"valueName\":\"search_term_string\"}}],\"inLanguage\":\"es\"},{\"@type\":\"Organization\",\"@id\":\"https:\/\/www.cilantroandcitronella.com\/#organization\",\"name\":\"Cilantro and Citronella\",\"url\":\"https:\/\/www.cilantroandcitronella.com\/\",\"logo\":{\"@type\":\"ImageObject\",\"inLanguage\":\"es\",\"@id\":\"https:\/\/www.cilantroandcitronella.com\/#\/schema\/logo\/image\/\",\"url\":\"https:\/\/www.cilantroandcitronella.com\/wp-content\/uploads\/2021\/05\/CC-Featured-image.png\",\"contentUrl\":\"https:\/\/www.cilantroandcitronella.com\/wp-content\/uploads\/2021\/05\/CC-Featured-image.png\",\"width\":1200,\"height\":1200,\"caption\":\"Cilantro and Citronella\"},\"image\":{\"@id\":\"https:\/\/www.cilantroandcitronella.com\/#\/schema\/logo\/image\/\"},\"sameAs\":[\"https:\/\/x.com\/CilantroYCitron\"]},{\"@type\":\"Person\",\"@id\":\"https:\/\/www.cilantroandcitronella.com\/#\/schema\/person\/b415fbf6a7f16681f9aaed613e16f272\",\"name\":\"Melissa\",\"url\":\"https:\/\/www.cilantroandcitronella.com\/es\/author\/melissa\/\"}]}<\/script>\n<!-- \/ Yoast SEO plugin. -->","yoast_head_json":{"title":"Canelones Veganos - Cilantro and Citronella","description":"Esta receta de canelones veganos va sin soja y estan rellenos de tub\u00e9rculos asados. Presentados con una salsa romesco casera y pan rallado..","robots":{"index":"index","follow":"follow","max-snippet":"max-snippet:-1","max-image-preview":"max-image-preview:large","max-video-preview":"max-video-preview:-1"},"canonical":"https:\/\/www.cilantroandcitronella.com\/es\/canelones-veganos\/","og_locale":"es_ES","og_type":"article","og_title":"Canelones Veganos - Cilantro and Citronella","og_description":"Esta receta de canelones veganos va sin soja y estan rellenos de tub\u00e9rculos asados. Presentados con una salsa romesco casera y pan rallado..","og_url":"https:\/\/www.cilantroandcitronella.com\/es\/canelones-veganos\/","og_site_name":"Cilantro and Citronella","article_published_time":"2016-11-15T20:17:45+00:00","article_modified_time":"2019-08-21T10:47:15+00:00","og_image":[{"width":1360,"height":1532,"url":"https:\/\/www.cilantroandcitronella.com\/wp-content\/uploads\/2016\/11\/vegan-cannelloni-photo-1.jpg","type":"image\/jpeg"}],"author":"Melissa","twitter_card":"summary_large_image","twitter_creator":"@CilantroYCitron","twitter_site":"@CilantroYCitron","twitter_misc":{"Escrito por":"Melissa","Tiempo de lectura":"5 minutos"},"schema":{"@context":"https:\/\/schema.org","@graph":[{"@type":"Article","@id":"https:\/\/www.cilantroandcitronella.com\/es\/canelones-veganos\/#article","isPartOf":{"@id":"https:\/\/www.cilantroandcitronella.com\/es\/canelones-veganos\/"},"author":{"name":"Melissa","@id":"https:\/\/www.cilantroandcitronella.com\/#\/schema\/person\/b415fbf6a7f16681f9aaed613e16f272"},"headline":"Canelones Veganos","datePublished":"2016-11-15T20:17:45+00:00","dateModified":"2019-08-21T10:47:15+00:00","mainEntityOfPage":{"@id":"https:\/\/www.cilantroandcitronella.com\/es\/canelones-veganos\/"},"wordCount":968,"commentCount":0,"publisher":{"@id":"https:\/\/www.cilantroandcitronella.com\/#organization"},"image":{"@id":"https:\/\/www.cilantroandcitronella.com\/es\/canelones-veganos\/#primaryimage"},"thumbnailUrl":"https:\/\/www.cilantroandcitronella.com\/wp-content\/uploads\/2016\/11\/vegan-cannelloni-photo-1.jpg","keywords":["almuerzo","cena","dinner","lunch","plato principal","vegano","vegetariano"],"articleSection":["Italiano"],"inLanguage":"es","potentialAction":[{"@type":"CommentAction","name":"Comment","target":["https:\/\/www.cilantroandcitronella.com\/es\/canelones-veganos\/#respond"]}]},{"@type":"WebPage","@id":"https:\/\/www.cilantroandcitronella.com\/es\/canelones-veganos\/","url":"https:\/\/www.cilantroandcitronella.com\/es\/canelones-veganos\/","name":"Canelones Veganos - Cilantro and Citronella","isPartOf":{"@id":"https:\/\/www.cilantroandcitronella.com\/#website"},"primaryImageOfPage":{"@id":"https:\/\/www.cilantroandcitronella.com\/es\/canelones-veganos\/#primaryimage"},"image":{"@id":"https:\/\/www.cilantroandcitronella.com\/es\/canelones-veganos\/#primaryimage"},"thumbnailUrl":"https:\/\/www.cilantroandcitronella.com\/wp-content\/uploads\/2016\/11\/vegan-cannelloni-photo-1.jpg","datePublished":"2016-11-15T20:17:45+00:00","dateModified":"2019-08-21T10:47:15+00:00","description":"Esta receta de canelones veganos va sin soja y estan rellenos de tub\u00e9rculos asados. Presentados con una salsa romesco casera y pan rallado..","breadcrumb":{"@id":"https:\/\/www.cilantroandcitronella.com\/es\/canelones-veganos\/#breadcrumb"},"inLanguage":"es","potentialAction":[{"@type":"ReadAction","target":["https:\/\/www.cilantroandcitronella.com\/es\/canelones-veganos\/"]}]},{"@type":"ImageObject","inLanguage":"es","@id":"https:\/\/www.cilantroandcitronella.com\/es\/canelones-veganos\/#primaryimage","url":"https:\/\/www.cilantroandcitronella.com\/wp-content\/uploads\/2016\/11\/vegan-cannelloni-photo-1.jpg","contentUrl":"https:\/\/www.cilantroandcitronella.com\/wp-content\/uploads\/2016\/11\/vegan-cannelloni-photo-1.jpg","width":1360,"height":1532},{"@type":"BreadcrumbList","@id":"https:\/\/www.cilantroandcitronella.com\/es\/canelones-veganos\/#breadcrumb","itemListElement":[{"@type":"ListItem","position":1,"name":"Italiano","item":"https:\/\/www.cilantroandcitronella.com\/es\/category\/italiano\/"},{"@type":"ListItem","position":2,"name":"Canelones Veganos"}]},{"@type":"WebSite","@id":"https:\/\/www.cilantroandcitronella.com\/#website","url":"https:\/\/www.cilantroandcitronella.com\/","name":"Cilantro and Citronella","description":"Vegan Recipes - Recetas Veganas","publisher":{"@id":"https:\/\/www.cilantroandcitronella.com\/#organization"},"potentialAction":[{"@type":"SearchAction","target":{"@type":"EntryPoint","urlTemplate":"https:\/\/www.cilantroandcitronella.com\/?s={search_term_string}"},"query-input":{"@type":"PropertyValueSpecification","valueRequired":true,"valueName":"search_term_string"}}],"inLanguage":"es"},{"@type":"Organization","@id":"https:\/\/www.cilantroandcitronella.com\/#organization","name":"Cilantro and Citronella","url":"https:\/\/www.cilantroandcitronella.com\/","logo":{"@type":"ImageObject","inLanguage":"es","@id":"https:\/\/www.cilantroandcitronella.com\/#\/schema\/logo\/image\/","url":"https:\/\/www.cilantroandcitronella.com\/wp-content\/uploads\/2021\/05\/CC-Featured-image.png","contentUrl":"https:\/\/www.cilantroandcitronella.com\/wp-content\/uploads\/2021\/05\/CC-Featured-image.png","width":1200,"height":1200,"caption":"Cilantro and Citronella"},"image":{"@id":"https:\/\/www.cilantroandcitronella.com\/#\/schema\/logo\/image\/"},"sameAs":["https:\/\/x.com\/CilantroYCitron"]},{"@type":"Person","@id":"https:\/\/www.cilantroandcitronella.com\/#\/schema\/person\/b415fbf6a7f16681f9aaed613e16f272","name":"Melissa","url":"https:\/\/www.cilantroandcitronella.com\/es\/author\/melissa\/"}]}},"mv":{"thumbnail_id":4458,"thumbnail_uri":"https:\/\/www.cilantroandcitronella.com\/wp-content\/uploads\/2016\/11\/vegan-cannelloni-photo-1.jpg"},"_links":{"self":[{"href":"https:\/\/www.cilantroandcitronella.com\/es\/wp-json\/wp\/v2\/posts\/4470\/"}],"collection":[{"href":"https:\/\/www.cilantroandcitronella.com\/es\/wp-json\/wp\/v2\/posts\/"}],"about":[{"href":"https:\/\/www.cilantroandcitronella.com\/es\/wp-json\/wp\/v2\/types\/post\/"}],"author":[{"embeddable":true,"href":"https:\/\/www.cilantroandcitronella.com\/es\/wp-json\/wp\/v2\/users\/1\/"}],"replies":[{"embeddable":true,"href":"https:\/\/www.cilantroandcitronella.com\/es\/wp-json\/wp\/v2\/comments\/?post=4470"}],"version-history":[{"count":4,"href":"https:\/\/www.cilantroandcitronella.com\/es\/wp-json\/wp\/v2\/posts\/4470\/revisions\/"}],"predecessor-version":[{"id":7631,"href":"https:\/\/www.cilantroandcitronella.com\/es\/wp-json\/wp\/v2\/posts\/4470\/revisions\/7631\/"}],"wp:featuredmedia":[{"embeddable":true,"href":"https:\/\/www.cilantroandcitronella.com\/es\/wp-json\/wp\/v2\/media\/4458\/"}],"wp:attachment":[{"href":"https:\/\/www.cilantroandcitronella.com\/es\/wp-json\/wp\/v2\/media\/?parent=4470"}],"wp:term":[{"taxonomy":"category","embeddable":true,"href":"https:\/\/www.cilantroandcitronella.com\/es\/wp-json\/wp\/v2\/categories\/?post=4470"},{"taxonomy":"post_tag","embeddable":true,"href":"https:\/\/www.cilantroandcitronella.com\/es\/wp-json\/wp\/v2\/tags\/?post=4470"}],"curies":[{"name":"wp","href":"https:\/\/api.w.org\/{rel}","templated":true}]}}