{"id":5293,"date":"2017-04-14T16:11:26","date_gmt":"2017-04-14T16:11:26","guid":{"rendered":"https:\/\/www.cilantroandcitronella.com\/?p=5293\/"},"modified":"2019-08-14T16:53:50","modified_gmt":"2019-08-14T16:53:50","slug":"galette-de-verduras-de-primavera","status":"publish","type":"post","link":"https:\/\/www.cilantroandcitronella.com\/es\/galette-de-verduras-de-primavera\/","title":{"rendered":"Galette de Verduras de Primavera"},"content":{"rendered":"<p>Esta galette de verduras lleva consigo todos los sabores de la primavera: esp\u00e1rragos trigueros, bimi (br\u00f3coli de tallo largo) y guisantes sobre una cama de col kale y queso ricotta vegano. G\u00edrgolas asadas aportan un sabor ahumado y una textura carnosa y la masa brisa es deliciosamente ligera y hojaldrada. Servir esta galette vegana para Pascua, a tu madre en el d\u00eda de la madre o simplemente para una cena de entresemana para desfrutar de maravillosas verduras de temporada!<\/p>\n<p><img loading=\"lazy\" decoding=\"async\" class=\"alignleft size-medium wp-image-5258\" src=\"https:\/\/www.cilantroandcitronella.com\/wp-content\/uploads\/2017\/03\/Spring-vegetable-vegan-galette-photo-1360x2040.jpg\" alt=\"Esta galette de verduras lleva consigo todos los sabores de la primavera: esp\u00e1rragos trigueros, bimi (br\u00f3coli de tallo largo) y guisantes sobre una cama de col kale y queso ricotta vegano.\" width=\"1360\" height=\"2040\" \/><\/p>\n<p>Siempre espero esta \u00e9poca del a\u00f1o, cuando puedo volver a trabajar en mi huerto urbano sembrando los tomates y eligiendo las nuevas verduras que voy a plantar. Como soy principiante en la jardiner\u00eda e intento cultivar en el terrado, no logro producir una buena cosecha cada a\u00f1o, pero cada a\u00f1o aprendo algo nuevo!<\/p>\n<p>Tambi\u00e9n es esta \u00e9poca del a\u00f1o cuando aparecen unas de mis verduras preferidas en las verduler\u00edas (las que no logro cultivar, quiero decir!). No es broma que espero todo el a\u00f1o para los tirabeques s\u00f3lo para hacer <a href=\"https:\/\/www.cilantroandcitronella.com\/es\/fideos-al-estilo-singapur\/\" target=\"_blank\" rel=\"noopener noreferrer\"><u>fideos al estilo Singapur<\/u><\/a> y los curry thai; y mi nueva obsesi\u00f3n, esp\u00e1rragos trigueros, est\u00e1n finalmente disponibles y a muy buen precio.<\/p>\n<p><img loading=\"lazy\" decoding=\"async\" class=\"alignleft size-medium wp-image-5256\" src=\"https:\/\/www.cilantroandcitronella.com\/wp-content\/uploads\/2017\/03\/Spring-vegetable-vegan-galette-image-2-1360x2040.jpg\" alt=\"Esta galette de verduras lleva consigo todos los sabores de la primavera: esp\u00e1rragos trigueros, bimi (br\u00f3coli de tallo largo) y guisantes sobre una cama de col kale y queso ricotta vegano.\" width=\"1360\" height=\"2040\" \/>Esta galette de verduras de primavera es un escaparate de todo lo que es bueno y est\u00e1 de temporada. Parece una pizza pero sabe a un pastel salado con una masa brisa que tiene la apariencia de ser r\u00fastica e imperfecta. Puedes utilizar una masa vegana comprada para una cena r\u00e1pida de entresemana o aprovechar mi receta de masa brisa de aceite de coco y vodka.<\/p>\n<p>Hacer esta <a href=\"https:\/\/www.cilantroandcitronella.com\/es\/masa-brisa-o-quebrada-con-aceite-de-coco\/\" target=\"_blank\" rel=\"noopener noreferrer\"><u>masa brisa vegana<\/u><\/a> es m\u00e1s f\u00e1cil que hacer una masa de mantequilla, ya que no hace falta enfriar la masa antes de extenderla. Simplemente combinar los ingredientes, extender, rellenar y hornear. Sale perfecta cada vez (al menos para m\u00ed!).<\/p>\n<p><img loading=\"lazy\" decoding=\"async\" class=\"alignleft size-medium wp-image-5260\" src=\"https:\/\/www.cilantroandcitronella.com\/wp-content\/uploads\/2017\/03\/Spring-vegetable-vegan-galette-picture-1360x2040.jpg\" alt=\"Esta galette de verduras lleva consigo todos los sabores de la primavera: esp\u00e1rragos trigueros, bimi (br\u00f3coli de tallo largo) y guisantes sobre una cama de col kale y queso ricotta vegano.\" width=\"1360\" height=\"2040\" \/><\/p>\n<p>Esta galette de verduras de primavera es perfecta para cualquier festivo o evento de temporada. Si necesitas un plato para Pascua, ya que eres el \u00fanico vegano o vegana, este es tu plato principal! Est\u00e1 tan rico que a lo mejor no lo quieres compartir, pero tambi\u00e9n hace de buen acompa\u00f1amiento a otros platos vegetarianos, ensaladas o una sopa.<\/p>\n<p>Hacerla para tu madre en el d\u00eda de la madre o llevarla a un picnic en el primer d\u00eda de calor (se puede comer con las manos y es igual de deliciosos servida caliente o fr\u00eda!).<\/p>\n<div id=\"recipe\"><\/div><div id=\"wprm-recipe-container-7527\" class=\"wprm-recipe-container\" data-recipe-id=\"7527\" data-servings=\"3\"><div class=\"wprm-recipe wprm-recipe-template-c-and-c-spanish\"><div class=\"wprm-container-float-right\">\n\t<div class=\"wprm-recipe-image wprm-block-image-normal\"><img loading=\"lazy\" decoding=\"async\" style=\"border-width: 0px;border-style: solid;border-color: #666666;\" width=\"150\" height=\"150\" src=\"https:\/\/www.cilantroandcitronella.com\/wp-content\/uploads\/2017\/03\/Spring-vegetable-vegan-galette-photo-150x150.jpg\" class=\"attachment-150x150 size-150x150\" alt=\"Esta galette de verduras lleva consigo todos los sabores de la primavera: esp\u00e1rragos trigueros, bimi (br\u00f3coli de tallo largo) y guisantes sobre una cama de col kale y queso ricotta vegano.\" srcset=\"https:\/\/www.cilantroandcitronella.com\/wp-content\/uploads\/2017\/03\/Spring-vegetable-vegan-galette-photo-150x150.jpg 150w, https:\/\/www.cilantroandcitronella.com\/wp-content\/uploads\/2017\/03\/Spring-vegetable-vegan-galette-photo-500x500.jpg 500w, https:\/\/www.cilantroandcitronella.com\/wp-content\/uploads\/2017\/03\/Spring-vegetable-vegan-galette-photo-360x360.jpg 360w, https:\/\/www.cilantroandcitronella.com\/wp-content\/uploads\/2017\/03\/Spring-vegetable-vegan-galette-photo-720x720.jpg 720w, https:\/\/www.cilantroandcitronella.com\/wp-content\/uploads\/2017\/03\/Spring-vegetable-vegan-galette-photo-180x180.jpg 180w, https:\/\/www.cilantroandcitronella.com\/wp-content\/uploads\/2017\/03\/Spring-vegetable-vegan-galette-photo-200x200.jpg 200w, https:\/\/www.cilantroandcitronella.com\/wp-content\/uploads\/2017\/03\/Spring-vegetable-vegan-galette-photo-320x320.jpg 320w, https:\/\/www.cilantroandcitronella.com\/wp-content\/uploads\/2017\/03\/Spring-vegetable-vegan-galette-photo-480x480.jpg 480w\" sizes=\"auto, (max-width: 150px) 100vw, 150px\" \/><\/div>\n\t<div class=\"wprm-spacer\" style=\"height: 5px;\"><\/div>\n\t<a href=\"https:\/\/www.cilantroandcitronella.com\/es\/wprm_print\/galette-de-verduras-de-primavera\" style=\"color: #444444;background-color: #ffffff;border-color: #777777;border-radius: 0px;padding: 5px 5px;\" class=\"wprm-recipe-print wprm-recipe-link wprm-print-recipe-shortcode wprm-block-text-normal wprm-recipe-print-wide-button wprm-recipe-link-wide-button wprm-color-accent\" data-recipe-id=\"7527\" data-template=\"\" target=\"_blank\" rel=\"nofollow\"><span class=\"wprm-recipe-icon wprm-recipe-print-icon\"><svg xmlns=\"http:\/\/www.w3.org\/2000\/svg\" xmlns:xlink=\"http:\/\/www.w3.org\/1999\/xlink\" x=\"0px\" y=\"0px\" width=\"16px\" height=\"16px\" viewBox=\"0 0 24 24\"><g ><path fill=\"#444444\" d=\"M19,5.09V1c0-0.552-0.448-1-1-1H6C5.448,0,5,0.448,5,1v4.09C2.167,5.569,0,8.033,0,11v7c0,0.552,0.448,1,1,1h4v4c0,0.552,0.448,1,1,1h12c0.552,0,1-0.448,1-1v-4h4c0.552,0,1-0.448,1-1v-7C24,8.033,21.833,5.569,19,5.09z M7,2h10v3H7V2z M17,22H7v-9h10V22z M18,10c-0.552,0-1-0.448-1-1c0-0.552,0.448-1,1-1s1,0.448,1,1C19,9.552,18.552,10,18,10z\"\/><\/g><\/svg><\/span> Imprimir<\/a>\n\t\n\t\n<\/div>\n<h2 class=\"wprm-recipe-name wprm-block-text-bold\">Galette de Verduras de Primavera<\/h2>\n<div class=\"wprm-spacer\" style=\"height: 5px;\"><\/div>\n<div class=\"wprm-recipe-summary wprm-block-text-normal\"><span style=\"display: block;\">Servir esta galette vegana para Pascua, a tu madre en el d\u00eda de la madre o simplemente para una cena de entresemana para desfrutar de maravillosas verduras de temporada!<\/span><\/div>\n<div class=\"wprm-spacer\"><\/div>\n<div class=\"wprm-recipe-meta-container wprm-recipe-times-container wprm-recipe-details-container wprm-recipe-details-container-table wprm-block-text-normal wprm-recipe-table-borders-top-bottom wprm-recipe-table-borders-inside\" style=\"border-width: 1px;border-style: solid;border-color: #777777;\"><div class=\"wprm-recipe-block-container wprm-recipe-block-container-table wprm-block-text-normal wprm-recipe-time-container wprm-recipe-prep-time-container\" style=\"border-width: 1px;border-style: solid;border-color: #777777;\"><span class=\"wprm-recipe-details-label wprm-block-text-faded wprm-recipe-time-label wprm-recipe-prep-time-label\">Preparaci\u00f3n<\/span><span class=\"wprm-recipe-time wprm-block-text-normal\"><span class=\"wprm-recipe-details wprm-recipe-details-minutes wprm-recipe-prep_time wprm-recipe-prep_time-minutes\">20<span class=\"sr-only screen-reader-text wprm-screen-reader-text\"> minutos<\/span><\/span> <span class=\"wprm-recipe-details-unit wprm-recipe-details-minutes wprm-recipe-prep_time-unit wprm-recipe-prep_timeunit-minutes\" aria-hidden=\"true\">minutos<\/span><\/span><\/div><div class=\"wprm-recipe-block-container wprm-recipe-block-container-table wprm-block-text-normal wprm-recipe-time-container wprm-recipe-cook-time-container\" style=\"border-width: 1px;border-style: solid;border-color: #777777;\"><span class=\"wprm-recipe-details-label wprm-block-text-faded wprm-recipe-time-label wprm-recipe-cook-time-label\">Cocci\u00f3n<\/span><span class=\"wprm-recipe-time wprm-block-text-normal\"><span class=\"wprm-recipe-details wprm-recipe-details-minutes wprm-recipe-cook_time wprm-recipe-cook_time-minutes\">30<span class=\"sr-only screen-reader-text wprm-screen-reader-text\"> minutos<\/span><\/span> <span class=\"wprm-recipe-details-unit wprm-recipe-details-minutes wprm-recipe-cook_time-unit wprm-recipe-cook_timeunit-minutes\" aria-hidden=\"true\">minutos<\/span><\/span><\/div><div class=\"wprm-recipe-block-container wprm-recipe-block-container-table wprm-block-text-normal wprm-recipe-time-container wprm-recipe-total-time-container\" style=\"border-width: 1px;border-style: solid;border-color: #777777;\"><span class=\"wprm-recipe-details-label wprm-block-text-faded wprm-recipe-time-label wprm-recipe-total-time-label\">Total<\/span><span class=\"wprm-recipe-time wprm-block-text-normal\"><span class=\"wprm-recipe-details wprm-recipe-details-minutes wprm-recipe-total_time wprm-recipe-total_time-minutes\">50<span class=\"sr-only screen-reader-text wprm-screen-reader-text\"> minutos<\/span><\/span> <span class=\"wprm-recipe-details-unit wprm-recipe-details-minutes wprm-recipe-total_time-unit wprm-recipe-total_timeunit-minutes\" aria-hidden=\"true\">minutos<\/span><\/span><\/div><\/div>\n<div class=\"wprm-spacer\" style=\"height: 5px;\"><\/div>\n<div class=\"wprm-recipe-meta-container wprm-recipe-tags-container wprm-recipe-details-container wprm-recipe-details-container-inline wprm-block-text-normal\"><div class=\"wprm-recipe-block-container wprm-recipe-block-container-inline wprm-block-text-normal wprm-recipe-tag-container wprm-recipe-course-container\" style=\"\"><span class=\"wprm-recipe-details-label wprm-block-text-faded wprm-recipe-tag-label wprm-recipe-course-label\">Categor\u00eda: <\/span><span class=\"wprm-recipe-course wprm-block-text-normal\">Entrante, Plato Principal<\/span><\/div><div class=\"wprm-recipe-block-container wprm-recipe-block-container-inline wprm-block-text-normal wprm-recipe-tag-container wprm-recipe-cuisine-container\" style=\"\"><span class=\"wprm-recipe-details-label wprm-block-text-faded wprm-recipe-tag-label wprm-recipe-cuisine-label\">Cocina: <\/span><span class=\"wprm-recipe-cuisine wprm-block-text-normal\">Francesa<\/span><\/div><div class=\"wprm-recipe-block-container wprm-recipe-block-container-inline wprm-block-text-normal wprm-recipe-tag-container wprm-recipe-keyword-container\" style=\"\"><span class=\"wprm-recipe-details-label wprm-block-text-faded wprm-recipe-tag-label wprm-recipe-keyword-label\">Palabra Clave: <\/span><span class=\"wprm-recipe-keyword wprm-block-text-normal\">Vegana<\/span><\/div><\/div>\n<div class=\"wprm-recipe-block-container wprm-recipe-block-container-inline wprm-block-text-normal wprm-recipe-servings-container\" style=\"\"><span class=\"wprm-recipe-details-label wprm-block-text-faded wprm-recipe-servings-label\">Raciones: <\/span><span class=\"wprm-recipe-servings-with-unit\"><span class=\"wprm-recipe-servings wprm-recipe-details wprm-block-text-normal\">3<\/span> <span class=\"wprm-recipe-servings-unit wprm-recipe-details-unit wprm-block-text-normal\">como principal o 6 como acompa\u00f1amiento<\/span><\/span><\/div>\n<div class=\"wprm-recipe-block-container wprm-recipe-block-container-inline wprm-block-text-normal wprm-recipe-nutrition-container wprm-recipe-calories-container\" style=\"\"><span class=\"wprm-recipe-details-label wprm-block-text-faded wprm-recipe-nutrition-label wprm-recipe-calories-label\">Calories: <\/span><span class=\"wprm-recipe-nutrition-with-unit\"><span class=\"wprm-recipe-details wprm-recipe-nutrition wprm-recipe-calories wprm-block-text-normal\">929<\/span><span class=\"wprm-recipe-details-unit wprm-recipe-nutrition-unit wprm-recipe-calories-unit wprm-block-text-normal\">kcal<\/span><\/span><\/div>\n<div class=\"wprm-recipe-block-container wprm-recipe-block-container-inline wprm-block-text-normal wprm-recipe-author-container\" style=\"\"><span class=\"wprm-recipe-details-label wprm-block-text-faded wprm-recipe-author-label\">Autor: <\/span><span class=\"wprm-recipe-details wprm-recipe-author wprm-block-text-normal\">Cilantro & Citronella<\/span><\/div>\n\n\n<div id=\"recipe-7527-ingredients\" class=\"wprm-recipe-ingredients-container wprm-recipe-7527-ingredients-container wprm-block-text-normal wprm-ingredient-style-regular wprm-recipe-images-before\" data-recipe=\"7527\" data-servings=\"3\"><h3 class=\"wprm-recipe-header wprm-recipe-ingredients-header wprm-block-text-bold wprm-align-left wprm-header-decoration-none\" style=\"\">Ingredientes<\/h3><div class=\"wprm-recipe-ingredient-group\"><h4 class=\"wprm-recipe-group-name wprm-recipe-ingredient-group-name wprm-block-text-bold\">Para la masa brisa vegana<\/h4><ul class=\"wprm-recipe-ingredients\"><li class=\"wprm-recipe-ingredient\" style=\"list-style-type: disc;\"><span class=\"wprm-recipe-ingredient-amount\">200<\/span>&#32;<span class=\"wprm-recipe-ingredient-unit\">gramos<\/span>&#32;<span class=\"wprm-recipe-ingredient-name\">de harina<\/span><\/li><li class=\"wprm-recipe-ingredient\" style=\"list-style-type: disc;\"><span class=\"wprm-recipe-ingredient-amount\">\u00bc<\/span>&#32;<span class=\"wprm-recipe-ingredient-unit\">cucharadita<\/span>&#32;<span class=\"wprm-recipe-ingredient-name\">de sal<\/span><\/li><li class=\"wprm-recipe-ingredient\" style=\"list-style-type: disc;\"><span class=\"wprm-recipe-ingredient-amount\">135<\/span>&#32;<span class=\"wprm-recipe-ingredient-unit\">gramos<\/span>&#32;<span class=\"wprm-recipe-ingredient-name\">de aceite de coco<\/span>&#32;<span class=\"wprm-recipe-ingredient-notes wprm-recipe-ingredient-notes-faded\">s\u00f3lido a temperatura ambiente<\/span><\/li><li class=\"wprm-recipe-ingredient\" style=\"list-style-type: disc;\"><span class=\"wprm-recipe-ingredient-amount\">2<\/span>&#32;<span class=\"wprm-recipe-ingredient-unit\">cucharadas<\/span>&#32;<span class=\"wprm-recipe-ingredient-name\">de vodka fr\u00edo<\/span>&#32;<span class=\"wprm-recipe-ingredient-notes wprm-recipe-ingredient-notes-faded\">opcional<\/span><\/li><li class=\"wprm-recipe-ingredient\" style=\"list-style-type: disc;\"><span class=\"wprm-recipe-ingredient-amount\">2<\/span>&#32;<span class=\"wprm-recipe-ingredient-unit\">cucharadas<\/span>&#32;<span class=\"wprm-recipe-ingredient-name\">de agua fr\u00eda<\/span>&#32;<span class=\"wprm-recipe-ingredient-notes wprm-recipe-ingredient-notes-faded\">o 4 cucharadas si no usas vodka<\/span><\/li><\/ul><\/div><div class=\"wprm-recipe-ingredient-group\"><h4 class=\"wprm-recipe-group-name wprm-recipe-ingredient-group-name wprm-block-text-bold\">Para el queso ricotta vegano<\/h4><ul class=\"wprm-recipe-ingredients\"><li class=\"wprm-recipe-ingredient\" style=\"list-style-type: disc;\"><span class=\"wprm-recipe-ingredient-amount\">115<\/span>&#32;<span class=\"wprm-recipe-ingredient-unit\">gramos<\/span>&#32;<span class=\"wprm-recipe-ingredient-name\">de anacardos crudos<\/span>&#32;<span class=\"wprm-recipe-ingredient-notes wprm-recipe-ingredient-notes-faded\">remojados durante la noche o en agua caliente durante 30 minutos<\/span><\/li><li class=\"wprm-recipe-ingredient\" style=\"list-style-type: disc;\"><span class=\"wprm-recipe-ingredient-amount\">60<\/span>&#32;<span class=\"wprm-recipe-ingredient-unit\">ml<\/span>&#32;<span class=\"wprm-recipe-ingredient-name\">de agua<\/span><\/li><li class=\"wprm-recipe-ingredient\" style=\"list-style-type: disc;\"><span class=\"wprm-recipe-ingredient-amount\">1<\/span>&#32;<span class=\"wprm-recipe-ingredient-unit\">cucharada<\/span>&#32;<span class=\"wprm-recipe-ingredient-name\">de levadura nutricional<\/span><\/li><li class=\"wprm-recipe-ingredient\" style=\"list-style-type: disc;\"><span class=\"wprm-recipe-ingredient-amount\">1<\/span>&#32;<span class=\"wprm-recipe-ingredient-unit\">cucharadita<\/span>&#32;<span class=\"wprm-recipe-ingredient-name\">de vinagre de manzana<\/span><\/li><li class=\"wprm-recipe-ingredient\" style=\"list-style-type: disc;\"><span class=\"wprm-recipe-ingredient-amount\">\u00bd<\/span>&#32;<span class=\"wprm-recipe-ingredient-unit\">cucharadita<\/span>&#32;<span class=\"wprm-recipe-ingredient-name\">de sal marina<\/span><\/li><li class=\"wprm-recipe-ingredient\" style=\"list-style-type: disc;\"><span class=\"wprm-recipe-ingredient-amount\">\u00bc<\/span>&#32;<span class=\"wprm-recipe-ingredient-unit\">cucharadita<\/span>&#32;<span class=\"wprm-recipe-ingredient-name\">de ajo en polvo<\/span><\/li><li class=\"wprm-recipe-ingredient\" style=\"list-style-type: disc;\"><span class=\"wprm-recipe-ingredient-amount\">\u00bc<\/span>&#32;<span class=\"wprm-recipe-ingredient-unit\">cucharadita<\/span>&#32;<span class=\"wprm-recipe-ingredient-name\">de cebolla en polvo<\/span><\/li><\/ul><\/div><div class=\"wprm-recipe-ingredient-group\"><h4 class=\"wprm-recipe-group-name wprm-recipe-ingredient-group-name wprm-block-text-bold\">Para la galette de verduras<\/h4><ul class=\"wprm-recipe-ingredients\"><li class=\"wprm-recipe-ingredient\" style=\"list-style-type: disc;\"><span class=\"wprm-recipe-ingredient-amount\">1 - 2<\/span>&#32;<span class=\"wprm-recipe-ingredient-unit\">cucharadas<\/span>&#32;<span class=\"wprm-recipe-ingredient-name\">de aceite de oliva<\/span><\/li><li class=\"wprm-recipe-ingredient\" style=\"list-style-type: disc;\"><span class=\"wprm-recipe-ingredient-amount\">200<\/span>&#32;<span class=\"wprm-recipe-ingredient-unit\">gramos<\/span>&#32;<span class=\"wprm-recipe-ingredient-name\">de g\u00edrgolas<\/span><\/li><li class=\"wprm-recipe-ingredient\" style=\"list-style-type: disc;\"><span class=\"wprm-recipe-ingredient-amount\">2<\/span>&#32;<span class=\"wprm-recipe-ingredient-unit\">dientes<\/span>&#32;<span class=\"wprm-recipe-ingredient-name\">de ajo<\/span>&#32;<span class=\"wprm-recipe-ingredient-notes wprm-recipe-ingredient-notes-faded\">cortados finamente<\/span><\/li><li class=\"wprm-recipe-ingredient\" style=\"list-style-type: disc;\"><span class=\"wprm-recipe-ingredient-amount\">250<\/span>&#32;<span class=\"wprm-recipe-ingredient-unit\">gramos<\/span>&#32;<span class=\"wprm-recipe-ingredient-name\">de esp\u00e1rragos<\/span>&#32;<span class=\"wprm-recipe-ingredient-notes wprm-recipe-ingredient-notes-faded\">tallados<\/span><\/li><li class=\"wprm-recipe-ingredient\" style=\"list-style-type: disc;\"><span class=\"wprm-recipe-ingredient-amount\">200<\/span>&#32;<span class=\"wprm-recipe-ingredient-unit\">gramos<\/span>&#32;<span class=\"wprm-recipe-ingredient-name\">de bimi<\/span>&#32;<span class=\"wprm-recipe-ingredient-notes wprm-recipe-ingredient-notes-faded\">(br\u00f3coli de tallo largo)<\/span><\/li><li class=\"wprm-recipe-ingredient\" style=\"list-style-type: disc;\"><span class=\"wprm-recipe-ingredient-amount\">50<\/span>&#32;<span class=\"wprm-recipe-ingredient-unit\">gramos<\/span>&#32;<span class=\"wprm-recipe-ingredient-name\">de kale<\/span><\/li><li class=\"wprm-recipe-ingredient\" style=\"list-style-type: disc;\"><span class=\"wprm-recipe-ingredient-amount\">40<\/span>&#32;<span class=\"wprm-recipe-ingredient-unit\">gramos<\/span>&#32;<span class=\"wprm-recipe-ingredient-name\">de guisantes<\/span>&#32;<span class=\"wprm-recipe-ingredient-notes wprm-recipe-ingredient-notes-faded\">frescos o congelados<\/span><\/li><li class=\"wprm-recipe-ingredient\" style=\"list-style-type: disc;\"><span class=\"wprm-recipe-ingredient-amount\">1 - 2<\/span>&#32;<span class=\"wprm-recipe-ingredient-name\">cebolletas<\/span>&#32;<span class=\"wprm-recipe-ingredient-notes wprm-recipe-ingredient-notes-faded\">picadas<\/span><\/li><li class=\"wprm-recipe-ingredient\" style=\"list-style-type: disc;\"><span class=\"wprm-recipe-ingredient-name\">Una pizca de sal y pimienta<\/span><\/li><\/ul><\/div><\/div>\n<div id=\"recipe-7527-instructions\" class=\"wprm-recipe-instructions-container wprm-recipe-7527-instructions-container wprm-block-text-normal\" data-recipe=\"7527\"><h3 class=\"wprm-recipe-header wprm-recipe-instructions-header wprm-block-text-bold wprm-align-left wprm-header-decoration-none\" style=\"\">Instrucciones<\/h3><div class=\"wprm-recipe-instruction-group\"><ul class=\"wprm-recipe-instructions\"><li id=\"wprm-recipe-7527-step-0-0\" class=\"wprm-recipe-instruction\" style=\"list-style-type: decimal;\"><div class=\"wprm-recipe-instruction-text\" style=\"margin-bottom: 5px;\">Precalentar el horno a 200\u00b0C.<\/div><\/li><li id=\"wprm-recipe-7527-step-0-1\" class=\"wprm-recipe-instruction\" style=\"list-style-type: decimal;\"><div class=\"wprm-recipe-instruction-text\" style=\"margin-bottom: 5px;\">Mezclar la harina y la sal y poner la mezcla con un tenedor en la nevera durante 30 minutos o en el congelador durante 15 minutos. Mientras tanto preparar las verduras para el relleno.<\/div><\/li><li id=\"wprm-recipe-7527-step-0-2\" class=\"wprm-recipe-instruction\" style=\"list-style-type: decimal;\"><div class=\"wprm-recipe-instruction-text\" style=\"margin-bottom: 5px;\">Calentar una sart\u00e9n grande a fuego medio-alto y a\u00f1adir el aceite y las setas. Trabajar en tandas si no entran todas. Fre\u00edr hasta que est\u00e9n doradas en ambos lados. Un poco antes de que est\u00e9n hechas, a\u00f1adir el ajo y fre\u00edr hasta que suelte el aroma. Retirar de la sart\u00e9n y reservar en un plato.<\/div><\/li><li id=\"wprm-recipe-7527-step-0-3\" class=\"wprm-recipe-instruction\" style=\"list-style-type: decimal;\"><div class=\"wprm-recipe-instruction-text\" style=\"margin-bottom: 5px;\">Bajar el fuego a medio y a\u00f1adir los esp\u00e1rragos, bimi y kale (y los guisantes congelados si utilizas) juntos con un chorro de agua. Tapar y cocinar al vapor durante unos dos minutos hasta que las verduras queden verde brillante y un poco tiernas. Trasladar a un escurridor y mojar con agua fr\u00eda para parar la cocci\u00f3n. Escurrir y salpimentar.<\/div><\/li><li id=\"wprm-recipe-7527-step-0-4\" class=\"wprm-recipe-instruction\" style=\"list-style-type: decimal;\"><div class=\"wprm-recipe-instruction-text\" style=\"margin-bottom: 5px;\">Combinar todos los ingredientes para el queso en un peque\u00f1o procesador de alimentos hasta que tenga la consistencia de ricotta (ver nota abajo).<\/div><\/li><li id=\"wprm-recipe-7527-step-0-5\" class=\"wprm-recipe-instruction\" style=\"list-style-type: decimal;\"><div class=\"wprm-recipe-instruction-text\" style=\"margin-bottom: 5px;\">Volvemos a la masa. Una vez fr\u00eda, la harina, a\u00f1adir una cucharada de aceite de coco e incorporar a la harina con la ayuda del tenedor hasta que no queden trozos grandes. Seguir a\u00f1adiendo el aceite cucharada a cucharada. Al final deber\u00edas tener una mezcla que se asemeje a arena gruesa, sin trozos grandes de aceite.<\/div><\/li><li id=\"wprm-recipe-7527-step-0-6\" class=\"wprm-recipe-instruction\" style=\"list-style-type: decimal;\"><div class=\"wprm-recipe-instruction-text\" style=\"margin-bottom: 5px;\">Combinar el vodka con el agua y salpicar la harina con una cuchara. Mezclar lenta y cuidadosamente antes de a\u00f1adir la segunda cucharada. Seguir as\u00ed hasta que la masa se pegue y puedas formar una pelota. Dependiendo de la marca de harina que uses necesitar\u00e1s m\u00e1s o menos l\u00edquido.<\/div><\/li><li id=\"wprm-recipe-7527-step-0-7\" class=\"wprm-recipe-instruction\" style=\"list-style-type: decimal;\"><div class=\"wprm-recipe-instruction-text\" style=\"margin-bottom: 5px;\">Coger un trozo de papel para hornear y enharinarlo. Colocar la pelota de masa en el papel y colocar un trozo de pl\u00e1stico encima. Formar un disco y con la ayuda de un rodillo, extender la masa a unos 28 cm (mas o menos, no tiene que ser exacto). Retirar el pl\u00e1stico y cortar el exceso de masa para formar un c\u00edrculo.<\/div><\/li><li id=\"wprm-recipe-7527-step-0-8\" class=\"wprm-recipe-instruction\" style=\"list-style-type: decimal;\"><div class=\"wprm-recipe-instruction-text\" style=\"margin-bottom: 5px;\">Untar la masa con el queso vegano, dejando unos cent\u00edmetros libres en el borde para poder doblarla. Esparcir las cebolletas y rellenar con las verduras. Me gusta empezar con una cama de kale, luego las setas y el bimi y esp\u00e1rragos por encima. Esparcir los guisantes por encima. Doblar los bordes y presionar para que se peguen. Cortar un disco de papel de plata del tama\u00f1o del relleno que quede a la vista. Trasladar a una bandeja y hornear durante 30 minutos o hasta que la masa est\u00e9 dorada. F\u00edjate cada 5 minutos y si el bimi se empieza a quemar, cubrir el relleno con el disco de papel de plata.<\/div><\/li><\/ul><\/div><\/div>\n\n\n<\/div><\/div>\n","protected":false},"excerpt":{"rendered":"<p>Esta galette de verduras lleva consigo todos los sabores de la primavera: esp\u00e1rragos trigueros, bimi (br\u00f3coli de tallo largo) y guisantes sobre una cama de col kale y queso ricotta vegano. G\u00edrgolas asadas aportan un sabor ahumado y una textura carnosa y la masa brisa es deliciosamente ligera y hojaldrada. Servir esta galette vegana para...<\/p>\n<p><a class=\"more-link\" href=\"https:\/\/www.cilantroandcitronella.com\/es\/galette-de-verduras-de-primavera\/\">Read More<\/a><\/p>","protected":false},"author":1,"featured_media":5259,"comment_status":"open","ping_status":"closed","sticky":false,"template":"","format":"standard","meta":{"wprm-recipe-roundup-name":"","wprm-recipe-roundup-description":"","_genesis_hide_title":false,"_genesis_hide_breadcrumbs":false,"_genesis_hide_singular_image":false,"_genesis_hide_footer_widgets":false,"_genesis_custom_body_class":"","_genesis_custom_post_class":"","_genesis_layout":"","footnotes":""},"categories":[105],"tags":[219,196,197,211,126,212,124,50,49],"class_list":{"0":"post-5293","1":"post","2":"type-post","3":"status-publish","4":"format-standard","5":"has-post-thumbnail","7":"category-frances","8":"tag-acompanamiento","9":"tag-almuerzo","10":"tag-cena","11":"tag-dinner-es","12":"tag-entrante","13":"tag-lunch-es","14":"tag-plato-principal","15":"tag-vegano","16":"tag-vegetariano","17":"entry"},"yoast_head":"<!-- This site is optimized with the Yoast SEO plugin v24.6 - https:\/\/yoast.com\/wordpress\/plugins\/seo\/ -->\n<title>Galette de Verduras de Primavera - Cilantro and Citronella<\/title>\n<meta name=\"description\" content=\"Esta galette de verduras lleva consigo todos los sabores de la primavera: esp\u00e1rragos trigueros, bimi y guisantes sobre una cama de col kale y queso ricotta.\" \/>\n<meta name=\"robots\" content=\"index, follow, max-snippet:-1, max-image-preview:large, max-video-preview:-1\" \/>\n<link rel=\"canonical\" href=\"https:\/\/www.cilantroandcitronella.com\/es\/galette-de-verduras-de-primavera\/\" \/>\n<meta property=\"og:locale\" content=\"es_ES\" \/>\n<meta property=\"og:type\" content=\"article\" \/>\n<meta property=\"og:title\" content=\"Galette de Verduras de Primavera - Cilantro and Citronella\" \/>\n<meta property=\"og:description\" content=\"Esta galette de verduras lleva consigo todos los sabores de la primavera: esp\u00e1rragos trigueros, bimi y guisantes sobre una cama de col kale y queso ricotta.\" \/>\n<meta property=\"og:url\" content=\"https:\/\/www.cilantroandcitronella.com\/es\/galette-de-verduras-de-primavera\/\" \/>\n<meta property=\"og:site_name\" content=\"Cilantro and Citronella\" \/>\n<meta property=\"article:published_time\" content=\"2017-04-14T16:11:26+00:00\" \/>\n<meta property=\"article:modified_time\" content=\"2019-08-14T16:53:50+00:00\" \/>\n<meta property=\"og:image\" content=\"https:\/\/www.cilantroandcitronella.com\/wp-content\/uploads\/2017\/03\/Spring-vegetable-vegan-galette-photo.jpg\" \/>\n\t<meta property=\"og:image:width\" content=\"1360\" \/>\n\t<meta property=\"og:image:height\" content=\"2040\" \/>\n\t<meta property=\"og:image:type\" content=\"image\/jpeg\" \/>\n<meta name=\"author\" content=\"Melissa\" \/>\n<meta name=\"twitter:card\" content=\"summary_large_image\" \/>\n<meta name=\"twitter:creator\" content=\"@CilantroYCitron\" \/>\n<meta name=\"twitter:site\" content=\"@CilantroYCitron\" \/>\n<meta name=\"twitter:label1\" content=\"Escrito por\" \/>\n\t<meta name=\"twitter:data1\" content=\"Melissa\" \/>\n\t<meta name=\"twitter:label2\" content=\"Tiempo de lectura\" \/>\n\t<meta name=\"twitter:data2\" content=\"5 minutos\" \/>\n<script type=\"application\/ld+json\" class=\"yoast-schema-graph\">{\"@context\":\"https:\/\/schema.org\",\"@graph\":[{\"@type\":\"Article\",\"@id\":\"https:\/\/www.cilantroandcitronella.com\/es\/galette-de-verduras-de-primavera\/#article\",\"isPartOf\":{\"@id\":\"https:\/\/www.cilantroandcitronella.com\/es\/galette-de-verduras-de-primavera\/\"},\"author\":{\"name\":\"Melissa\",\"@id\":\"https:\/\/www.cilantroandcitronella.com\/#\/schema\/person\/b415fbf6a7f16681f9aaed613e16f272\"},\"headline\":\"Galette de Verduras de Primavera\",\"datePublished\":\"2017-04-14T16:11:26+00:00\",\"dateModified\":\"2019-08-14T16:53:50+00:00\",\"mainEntityOfPage\":{\"@id\":\"https:\/\/www.cilantroandcitronella.com\/es\/galette-de-verduras-de-primavera\/\"},\"wordCount\":1041,\"commentCount\":0,\"publisher\":{\"@id\":\"https:\/\/www.cilantroandcitronella.com\/#organization\"},\"image\":{\"@id\":\"https:\/\/www.cilantroandcitronella.com\/es\/galette-de-verduras-de-primavera\/#primaryimage\"},\"thumbnailUrl\":\"https:\/\/www.cilantroandcitronella.com\/wp-content\/uploads\/2017\/03\/Spring-vegetable-vegan-galette-photo.jpg\",\"keywords\":[\"acompa\u00f1amiento\",\"almuerzo\",\"cena\",\"dinner\",\"entrante\",\"lunch\",\"plato principal\",\"vegano\",\"vegetariano\"],\"articleSection\":[\"Franc\u00e9s\"],\"inLanguage\":\"es\",\"potentialAction\":[{\"@type\":\"CommentAction\",\"name\":\"Comment\",\"target\":[\"https:\/\/www.cilantroandcitronella.com\/es\/galette-de-verduras-de-primavera\/#respond\"]}]},{\"@type\":\"WebPage\",\"@id\":\"https:\/\/www.cilantroandcitronella.com\/es\/galette-de-verduras-de-primavera\/\",\"url\":\"https:\/\/www.cilantroandcitronella.com\/es\/galette-de-verduras-de-primavera\/\",\"name\":\"Galette de Verduras de Primavera - Cilantro and Citronella\",\"isPartOf\":{\"@id\":\"https:\/\/www.cilantroandcitronella.com\/#website\"},\"primaryImageOfPage\":{\"@id\":\"https:\/\/www.cilantroandcitronella.com\/es\/galette-de-verduras-de-primavera\/#primaryimage\"},\"image\":{\"@id\":\"https:\/\/www.cilantroandcitronella.com\/es\/galette-de-verduras-de-primavera\/#primaryimage\"},\"thumbnailUrl\":\"https:\/\/www.cilantroandcitronella.com\/wp-content\/uploads\/2017\/03\/Spring-vegetable-vegan-galette-photo.jpg\",\"datePublished\":\"2017-04-14T16:11:26+00:00\",\"dateModified\":\"2019-08-14T16:53:50+00:00\",\"description\":\"Esta galette de verduras lleva consigo todos los sabores de la primavera: esp\u00e1rragos trigueros, bimi y guisantes sobre una cama de col kale y queso ricotta.\",\"breadcrumb\":{\"@id\":\"https:\/\/www.cilantroandcitronella.com\/es\/galette-de-verduras-de-primavera\/#breadcrumb\"},\"inLanguage\":\"es\",\"potentialAction\":[{\"@type\":\"ReadAction\",\"target\":[\"https:\/\/www.cilantroandcitronella.com\/es\/galette-de-verduras-de-primavera\/\"]}]},{\"@type\":\"ImageObject\",\"inLanguage\":\"es\",\"@id\":\"https:\/\/www.cilantroandcitronella.com\/es\/galette-de-verduras-de-primavera\/#primaryimage\",\"url\":\"https:\/\/www.cilantroandcitronella.com\/wp-content\/uploads\/2017\/03\/Spring-vegetable-vegan-galette-photo.jpg\",\"contentUrl\":\"https:\/\/www.cilantroandcitronella.com\/wp-content\/uploads\/2017\/03\/Spring-vegetable-vegan-galette-photo.jpg\",\"width\":1360,\"height\":2040},{\"@type\":\"BreadcrumbList\",\"@id\":\"https:\/\/www.cilantroandcitronella.com\/es\/galette-de-verduras-de-primavera\/#breadcrumb\",\"itemListElement\":[{\"@type\":\"ListItem\",\"position\":1,\"name\":\"Franc\u00e9s\",\"item\":\"https:\/\/www.cilantroandcitronella.com\/es\/category\/frances\/\"},{\"@type\":\"ListItem\",\"position\":2,\"name\":\"Galette de Verduras de Primavera\"}]},{\"@type\":\"WebSite\",\"@id\":\"https:\/\/www.cilantroandcitronella.com\/#website\",\"url\":\"https:\/\/www.cilantroandcitronella.com\/\",\"name\":\"Cilantro and Citronella\",\"description\":\"Vegan Recipes - Recetas Veganas\",\"publisher\":{\"@id\":\"https:\/\/www.cilantroandcitronella.com\/#organization\"},\"potentialAction\":[{\"@type\":\"SearchAction\",\"target\":{\"@type\":\"EntryPoint\",\"urlTemplate\":\"https:\/\/www.cilantroandcitronella.com\/?s={search_term_string}\"},\"query-input\":{\"@type\":\"PropertyValueSpecification\",\"valueRequired\":true,\"valueName\":\"search_term_string\"}}],\"inLanguage\":\"es\"},{\"@type\":\"Organization\",\"@id\":\"https:\/\/www.cilantroandcitronella.com\/#organization\",\"name\":\"Cilantro and Citronella\",\"url\":\"https:\/\/www.cilantroandcitronella.com\/\",\"logo\":{\"@type\":\"ImageObject\",\"inLanguage\":\"es\",\"@id\":\"https:\/\/www.cilantroandcitronella.com\/#\/schema\/logo\/image\/\",\"url\":\"https:\/\/www.cilantroandcitronella.com\/wp-content\/uploads\/2021\/05\/CC-Featured-image.png\",\"contentUrl\":\"https:\/\/www.cilantroandcitronella.com\/wp-content\/uploads\/2021\/05\/CC-Featured-image.png\",\"width\":1200,\"height\":1200,\"caption\":\"Cilantro and Citronella\"},\"image\":{\"@id\":\"https:\/\/www.cilantroandcitronella.com\/#\/schema\/logo\/image\/\"},\"sameAs\":[\"https:\/\/x.com\/CilantroYCitron\"]},{\"@type\":\"Person\",\"@id\":\"https:\/\/www.cilantroandcitronella.com\/#\/schema\/person\/b415fbf6a7f16681f9aaed613e16f272\",\"name\":\"Melissa\",\"url\":\"https:\/\/www.cilantroandcitronella.com\/es\/author\/melissa\/\"}]}<\/script>\n<!-- \/ Yoast SEO plugin. -->","yoast_head_json":{"title":"Galette de Verduras de Primavera - Cilantro and Citronella","description":"Esta galette de verduras lleva consigo todos los sabores de la primavera: esp\u00e1rragos trigueros, bimi y guisantes sobre una cama de col kale y queso ricotta.","robots":{"index":"index","follow":"follow","max-snippet":"max-snippet:-1","max-image-preview":"max-image-preview:large","max-video-preview":"max-video-preview:-1"},"canonical":"https:\/\/www.cilantroandcitronella.com\/es\/galette-de-verduras-de-primavera\/","og_locale":"es_ES","og_type":"article","og_title":"Galette de Verduras de Primavera - Cilantro and Citronella","og_description":"Esta galette de verduras lleva consigo todos los sabores de la primavera: esp\u00e1rragos trigueros, bimi y guisantes sobre una cama de col kale y queso ricotta.","og_url":"https:\/\/www.cilantroandcitronella.com\/es\/galette-de-verduras-de-primavera\/","og_site_name":"Cilantro and Citronella","article_published_time":"2017-04-14T16:11:26+00:00","article_modified_time":"2019-08-14T16:53:50+00:00","og_image":[{"width":1360,"height":2040,"url":"https:\/\/www.cilantroandcitronella.com\/wp-content\/uploads\/2017\/03\/Spring-vegetable-vegan-galette-photo.jpg","type":"image\/jpeg"}],"author":"Melissa","twitter_card":"summary_large_image","twitter_creator":"@CilantroYCitron","twitter_site":"@CilantroYCitron","twitter_misc":{"Escrito por":"Melissa","Tiempo de lectura":"5 minutos"},"schema":{"@context":"https:\/\/schema.org","@graph":[{"@type":"Article","@id":"https:\/\/www.cilantroandcitronella.com\/es\/galette-de-verduras-de-primavera\/#article","isPartOf":{"@id":"https:\/\/www.cilantroandcitronella.com\/es\/galette-de-verduras-de-primavera\/"},"author":{"name":"Melissa","@id":"https:\/\/www.cilantroandcitronella.com\/#\/schema\/person\/b415fbf6a7f16681f9aaed613e16f272"},"headline":"Galette de Verduras de Primavera","datePublished":"2017-04-14T16:11:26+00:00","dateModified":"2019-08-14T16:53:50+00:00","mainEntityOfPage":{"@id":"https:\/\/www.cilantroandcitronella.com\/es\/galette-de-verduras-de-primavera\/"},"wordCount":1041,"commentCount":0,"publisher":{"@id":"https:\/\/www.cilantroandcitronella.com\/#organization"},"image":{"@id":"https:\/\/www.cilantroandcitronella.com\/es\/galette-de-verduras-de-primavera\/#primaryimage"},"thumbnailUrl":"https:\/\/www.cilantroandcitronella.com\/wp-content\/uploads\/2017\/03\/Spring-vegetable-vegan-galette-photo.jpg","keywords":["acompa\u00f1amiento","almuerzo","cena","dinner","entrante","lunch","plato principal","vegano","vegetariano"],"articleSection":["Franc\u00e9s"],"inLanguage":"es","potentialAction":[{"@type":"CommentAction","name":"Comment","target":["https:\/\/www.cilantroandcitronella.com\/es\/galette-de-verduras-de-primavera\/#respond"]}]},{"@type":"WebPage","@id":"https:\/\/www.cilantroandcitronella.com\/es\/galette-de-verduras-de-primavera\/","url":"https:\/\/www.cilantroandcitronella.com\/es\/galette-de-verduras-de-primavera\/","name":"Galette de Verduras de Primavera - Cilantro and Citronella","isPartOf":{"@id":"https:\/\/www.cilantroandcitronella.com\/#website"},"primaryImageOfPage":{"@id":"https:\/\/www.cilantroandcitronella.com\/es\/galette-de-verduras-de-primavera\/#primaryimage"},"image":{"@id":"https:\/\/www.cilantroandcitronella.com\/es\/galette-de-verduras-de-primavera\/#primaryimage"},"thumbnailUrl":"https:\/\/www.cilantroandcitronella.com\/wp-content\/uploads\/2017\/03\/Spring-vegetable-vegan-galette-photo.jpg","datePublished":"2017-04-14T16:11:26+00:00","dateModified":"2019-08-14T16:53:50+00:00","description":"Esta galette de verduras lleva consigo todos los sabores de la primavera: esp\u00e1rragos trigueros, bimi y guisantes sobre una cama de col kale y queso ricotta.","breadcrumb":{"@id":"https:\/\/www.cilantroandcitronella.com\/es\/galette-de-verduras-de-primavera\/#breadcrumb"},"inLanguage":"es","potentialAction":[{"@type":"ReadAction","target":["https:\/\/www.cilantroandcitronella.com\/es\/galette-de-verduras-de-primavera\/"]}]},{"@type":"ImageObject","inLanguage":"es","@id":"https:\/\/www.cilantroandcitronella.com\/es\/galette-de-verduras-de-primavera\/#primaryimage","url":"https:\/\/www.cilantroandcitronella.com\/wp-content\/uploads\/2017\/03\/Spring-vegetable-vegan-galette-photo.jpg","contentUrl":"https:\/\/www.cilantroandcitronella.com\/wp-content\/uploads\/2017\/03\/Spring-vegetable-vegan-galette-photo.jpg","width":1360,"height":2040},{"@type":"BreadcrumbList","@id":"https:\/\/www.cilantroandcitronella.com\/es\/galette-de-verduras-de-primavera\/#breadcrumb","itemListElement":[{"@type":"ListItem","position":1,"name":"Franc\u00e9s","item":"https:\/\/www.cilantroandcitronella.com\/es\/category\/frances\/"},{"@type":"ListItem","position":2,"name":"Galette de Verduras de Primavera"}]},{"@type":"WebSite","@id":"https:\/\/www.cilantroandcitronella.com\/#website","url":"https:\/\/www.cilantroandcitronella.com\/","name":"Cilantro and Citronella","description":"Vegan Recipes - Recetas Veganas","publisher":{"@id":"https:\/\/www.cilantroandcitronella.com\/#organization"},"potentialAction":[{"@type":"SearchAction","target":{"@type":"EntryPoint","urlTemplate":"https:\/\/www.cilantroandcitronella.com\/?s={search_term_string}"},"query-input":{"@type":"PropertyValueSpecification","valueRequired":true,"valueName":"search_term_string"}}],"inLanguage":"es"},{"@type":"Organization","@id":"https:\/\/www.cilantroandcitronella.com\/#organization","name":"Cilantro and Citronella","url":"https:\/\/www.cilantroandcitronella.com\/","logo":{"@type":"ImageObject","inLanguage":"es","@id":"https:\/\/www.cilantroandcitronella.com\/#\/schema\/logo\/image\/","url":"https:\/\/www.cilantroandcitronella.com\/wp-content\/uploads\/2021\/05\/CC-Featured-image.png","contentUrl":"https:\/\/www.cilantroandcitronella.com\/wp-content\/uploads\/2021\/05\/CC-Featured-image.png","width":1200,"height":1200,"caption":"Cilantro and Citronella"},"image":{"@id":"https:\/\/www.cilantroandcitronella.com\/#\/schema\/logo\/image\/"},"sameAs":["https:\/\/x.com\/CilantroYCitron"]},{"@type":"Person","@id":"https:\/\/www.cilantroandcitronella.com\/#\/schema\/person\/b415fbf6a7f16681f9aaed613e16f272","name":"Melissa","url":"https:\/\/www.cilantroandcitronella.com\/es\/author\/melissa\/"}]}},"mv":{"thumbnail_id":5259,"thumbnail_uri":"https:\/\/www.cilantroandcitronella.com\/wp-content\/uploads\/2017\/03\/Spring-vegetable-vegan-galette-photo.jpg"},"_links":{"self":[{"href":"https:\/\/www.cilantroandcitronella.com\/es\/wp-json\/wp\/v2\/posts\/5293\/"}],"collection":[{"href":"https:\/\/www.cilantroandcitronella.com\/es\/wp-json\/wp\/v2\/posts\/"}],"about":[{"href":"https:\/\/www.cilantroandcitronella.com\/es\/wp-json\/wp\/v2\/types\/post\/"}],"author":[{"embeddable":true,"href":"https:\/\/www.cilantroandcitronella.com\/es\/wp-json\/wp\/v2\/users\/1\/"}],"replies":[{"embeddable":true,"href":"https:\/\/www.cilantroandcitronella.com\/es\/wp-json\/wp\/v2\/comments\/?post=5293"}],"version-history":[{"count":2,"href":"https:\/\/www.cilantroandcitronella.com\/es\/wp-json\/wp\/v2\/posts\/5293\/revisions\/"}],"predecessor-version":[{"id":7529,"href":"https:\/\/www.cilantroandcitronella.com\/es\/wp-json\/wp\/v2\/posts\/5293\/revisions\/7529\/"}],"wp:featuredmedia":[{"embeddable":true,"href":"https:\/\/www.cilantroandcitronella.com\/es\/wp-json\/wp\/v2\/media\/5259\/"}],"wp:attachment":[{"href":"https:\/\/www.cilantroandcitronella.com\/es\/wp-json\/wp\/v2\/media\/?parent=5293"}],"wp:term":[{"taxonomy":"category","embeddable":true,"href":"https:\/\/www.cilantroandcitronella.com\/es\/wp-json\/wp\/v2\/categories\/?post=5293"},{"taxonomy":"post_tag","embeddable":true,"href":"https:\/\/www.cilantroandcitronella.com\/es\/wp-json\/wp\/v2\/tags\/?post=5293"}],"curies":[{"name":"wp","href":"https:\/\/api.w.org\/{rel}","templated":true}]}}