{"id":8469,"date":"2019-12-05T15:25:20","date_gmt":"2019-12-05T15:25:20","guid":{"rendered":"https:\/\/www.cilantroandcitronella.com\/?p=8469"},"modified":"2019-12-05T15:25:22","modified_gmt":"2019-12-05T15:25:22","slug":"ensalada-de-orzo-con-verduras-asadas-de-invierno","status":"publish","type":"post","link":"https:\/\/www.cilantroandcitronella.com\/es\/ensalada-de-orzo-con-verduras-asadas-de-invierno\/","title":{"rendered":"Ensalada de Orzo con Verduras Asadas de Invierno"},"content":{"rendered":"\n<p>Esta sencilla ensalada de orzo con verduras asadas de invierno aprovecha al m\u00e1ximo los productos de esta temporada. Es f\u00e1cil de hacer con calabaza asada y coles de Bruselas, una sabrosa pasta de orzo a fuego lento y una vinagreta de lim\u00f3n. Esta ensalada de pasta con verduras puede ser un buen plato vegetariano o acompa\u00f1amiento de una sopa o s\u00e1ndwich.<\/p>\n\n\n\n<figure class=\"wp-block-image\"><img loading=\"lazy\" decoding=\"async\" width=\"740\" height=\"1110\" data-pin-description=\"Esta sencilla ensalada de orzo con verduras asadas de invierno aprovecha al m\u00e1ximo los productos de esta temporada. Es f\u00e1cil de hacer con calabaza asada y coles de Bruselas, una sabrosa pasta de orzo a fuego lento y una vinagreta de lim\u00f3n y c\u00edtricos. Esta ensalada de pasta con verduras puede ser un buen plato vegetariano o acompa\u00f1amiento de una sopa o s\u00e1ndwich.\" src=\"https:\/\/www.cilantroandcitronella.com\/wp-content\/uploads\/2019\/02\/roasted-winter-vegetable-orzo-salad-picture.jpg\" alt=\"Ensalada de orzo con verduras asadas en un bol blanco y adrezo.\" class=\"wp-image-6435\" srcset=\"https:\/\/www.cilantroandcitronella.com\/wp-content\/uploads\/2019\/02\/roasted-winter-vegetable-orzo-salad-picture.jpg 740w, https:\/\/www.cilantroandcitronella.com\/wp-content\/uploads\/2019\/02\/roasted-winter-vegetable-orzo-salad-picture-200x300.jpg 200w\" sizes=\"auto, (max-width: 740px) 100vw, 740px\" \/><\/figure>\n\n\n\n<p>El orzo es mi\nnueva forma de pasta favorita. Me puse muy contenta en cuanto mi supermercado\nlocal empez\u00f3 a venderlo. Ahora estoy esperando a que traigan fettucini y\nlinguini (s\u00ed, mi supermercado es un ASCO).<\/p>\n\n\n\n<p>El orzo es\nmuy divertido de comer. Tiene una textura muy agradable y es muy vers\u00e1til. Es\nuna opci\u00f3n excelente no solo en ensaladas, sino tambi\u00e9n en sopas o simplemente\ncomo un plato de pasta normal con pesto o salsa. Tambi\u00e9n puedes cocinarlo de\nmanera diferente seg\u00fan lo que vayas a hacer con \u00e9l.<\/p>\n\n\n\n<figure class=\"wp-block-image\"><img loading=\"lazy\" decoding=\"async\" width=\"740\" height=\"1110\" data-pin-description=\"Esta sencilla ensalada de orzo con verduras asadas de invierno aprovecha al m\u00e1ximo los productos de esta temporada. Es f\u00e1cil de hacer con calabaza asada y coles de Bruselas, una sabrosa pasta de orzo a fuego lento y una vinagreta de lim\u00f3n y c\u00edtricos. Esta ensalada de pasta con verduras puede ser un buen plato vegetariano o acompa\u00f1amiento de una sopa o s\u00e1ndwich.\" src=\"https:\/\/www.cilantroandcitronella.com\/wp-content\/uploads\/2019\/02\/roasted-winter-vegetable-orzo-salad-image-3.jpg\" alt=\"Orzo cocida en una sart\u00e9n.\" class=\"wp-image-6433\" srcset=\"https:\/\/www.cilantroandcitronella.com\/wp-content\/uploads\/2019\/02\/roasted-winter-vegetable-orzo-salad-image-3.jpg 740w, https:\/\/www.cilantroandcitronella.com\/wp-content\/uploads\/2019\/02\/roasted-winter-vegetable-orzo-salad-image-3-200x300.jpg 200w\" sizes=\"auto, (max-width: 740px) 100vw, 740px\" \/><\/figure>\n\n\n\n<p>Esta receta\nde ensalada de orzo con verduras de invierno la he cocinado como si fuera arroz,\ntost\u00e1ndola primero con un poco de aceite de oliva y luego le he a\u00f1adido\nsuficiente caldo para que se cociera y se absorbiera todo el l\u00edquido. Tambi\u00e9n\npuedes cocinar el orzo en una olla grande de agua y escurrirlo cuando est\u00e9\nlisto, como ocurre con la pasta.<\/p>\n\n\n\n<p>Para recetas\nsimples de ensalada de pasta orzo como esta, he preferido cocinarla como si\nfuera arroz porque sale s\u00faper sabrosa y con una textura casi cremosa. Tambi\u00e9n\nes mucho m\u00e1s r\u00e1pido, ya que no tienes que esperar a que hierva la olla de agua,\ny dado que el orzo es tan peque\u00f1o, se cocina r\u00e1pidamente.<\/p>\n\n\n\n<figure class=\"wp-block-image\"><img loading=\"lazy\" decoding=\"async\" width=\"740\" height=\"1110\" data-pin-description=\"Esta sencilla ensalada de orzo con verduras asadas de invierno aprovecha al m\u00e1ximo los productos de esta temporada. Es f\u00e1cil de hacer con calabaza asada y coles de Bruselas, una sabrosa pasta de orzo a fuego lento y una vinagreta de lim\u00f3n y c\u00edtricos. Esta ensalada de pasta con verduras puede ser un buen plato vegetariano o acompa\u00f1amiento de una sopa o s\u00e1ndwich.\" src=\"https:\/\/www.cilantroandcitronella.com\/wp-content\/uploads\/2019\/02\/roasted-winter-vegetable-orzo-salad-image-2.jpg\" alt=\"Calabaza y coles de Bruselas en una bandeja para hornear.\" class=\"wp-image-6431\" srcset=\"https:\/\/www.cilantroandcitronella.com\/wp-content\/uploads\/2019\/02\/roasted-winter-vegetable-orzo-salad-image-2.jpg 740w, https:\/\/www.cilantroandcitronella.com\/wp-content\/uploads\/2019\/02\/roasted-winter-vegetable-orzo-salad-image-2-200x300.jpg 200w\" sizes=\"auto, (max-width: 740px) 100vw, 740px\" \/><\/figure>\n\n\n\n<p>Mezcla el\norzo cocido con tus verduras favoritas. Es invierno, as\u00ed que yo eleg\u00ed calabaza\nasada, coles de Bruselas y ar\u00e1ndanos secos. Si\u00e9ntete libre de cambiar las\nverduras por cualquier otra cosa que prefieras!<\/p>\n\n\n\n<p>Mientras se\nasaban las verduras, prepar\u00e9 una vinagreta simple de aceite de oliva, jugo de\nlim\u00f3n y mostaza Dijon. Una pizca de perejil o de tus especias favoritas le\na\u00f1ade un poco m\u00e1s de color, \u00a1pero es totalmente opcional!<\/p>\n\n\n\n<figure class=\"wp-block-image\"><img loading=\"lazy\" decoding=\"async\" width=\"740\" height=\"1110\" data-pin-description=\"Esta sencilla ensalada de orzo con verduras asadas de invierno aprovecha al m\u00e1ximo los productos de esta temporada. Es f\u00e1cil de hacer con calabaza asada y coles de Bruselas, una sabrosa pasta de orzo a fuego lento y una vinagreta de lim\u00f3n y c\u00edtricos. Esta ensalada de pasta con verduras puede ser un buen plato vegetariano o acompa\u00f1amiento de una sopa o s\u00e1ndwich.\" src=\"https:\/\/www.cilantroandcitronella.com\/wp-content\/uploads\/2019\/02\/roasted-winter-vegetable-orzo-salad-photo.jpg\" alt=\"Ensalada de orzo en un bol con un tenedor.\" class=\"wp-image-6429\" srcset=\"https:\/\/www.cilantroandcitronella.com\/wp-content\/uploads\/2019\/02\/roasted-winter-vegetable-orzo-salad-photo.jpg 740w, https:\/\/www.cilantroandcitronella.com\/wp-content\/uploads\/2019\/02\/roasted-winter-vegetable-orzo-salad-photo-200x300.jpg 200w\" sizes=\"auto, (max-width: 740px) 100vw, 740px\" \/><\/figure>\n\n\n\n<p>Prefiero\nservir esta ensalada de orzo con verduras asadas de invierno tan pronto como\nest\u00e9 hecha, mientras las verduras a\u00fan est\u00e1n calientes y el orzo est\u00e1 cremoso,\npero tambi\u00e9n puedes servirlo a temperatura ambiente o fr\u00edo si tienes sobras en\nla nevera.<\/p>\n\n\n<div id=\"recipe\"><\/div><div id=\"wprm-recipe-container-8470\" class=\"wprm-recipe-container\" data-recipe-id=\"8470\" data-servings=\"4\"><div class=\"wprm-recipe wprm-recipe-template-c-and-c-spanish\"><div class=\"wprm-container-float-right\">\n\t<div class=\"wprm-recipe-image wprm-block-image-normal\"><img loading=\"lazy\" decoding=\"async\" style=\"border-width: 0px;border-style: solid;border-color: #666666;\" width=\"150\" height=\"150\" src=\"https:\/\/www.cilantroandcitronella.com\/wp-content\/uploads\/2019\/02\/roasted-winter-vegetable-orzo-salad-picture-150x150.jpg\" class=\"attachment-150x150 size-150x150\" alt=\"Roasted winter vegetable orzo salad in a bowl with lemon vinaigrette drizzled over.\" \/><\/div>\n\t<div class=\"wprm-spacer\" style=\"height: 5px;\"><\/div>\n\t<a href=\"https:\/\/www.cilantroandcitronella.com\/es\/wprm_print\/ensalada-de-orzo-con-verduras-asadas-de-invierno\" style=\"color: #444444;background-color: #ffffff;border-color: #777777;border-radius: 0px;padding: 5px 5px;\" class=\"wprm-recipe-print wprm-recipe-link wprm-print-recipe-shortcode wprm-block-text-normal wprm-recipe-print-wide-button wprm-recipe-link-wide-button wprm-color-accent\" data-recipe-id=\"8470\" data-template=\"\" target=\"_blank\" rel=\"nofollow\"><span class=\"wprm-recipe-icon wprm-recipe-print-icon\"><svg xmlns=\"http:\/\/www.w3.org\/2000\/svg\" xmlns:xlink=\"http:\/\/www.w3.org\/1999\/xlink\" x=\"0px\" y=\"0px\" width=\"16px\" height=\"16px\" viewBox=\"0 0 24 24\"><g ><path fill=\"#444444\" d=\"M19,5.09V1c0-0.552-0.448-1-1-1H6C5.448,0,5,0.448,5,1v4.09C2.167,5.569,0,8.033,0,11v7c0,0.552,0.448,1,1,1h4v4c0,0.552,0.448,1,1,1h12c0.552,0,1-0.448,1-1v-4h4c0.552,0,1-0.448,1-1v-7C24,8.033,21.833,5.569,19,5.09z M7,2h10v3H7V2z M17,22H7v-9h10V22z M18,10c-0.552,0-1-0.448-1-1c0-0.552,0.448-1,1-1s1,0.448,1,1C19,9.552,18.552,10,18,10z\"\/><\/g><\/svg><\/span> Imprimir<\/a>\n\t\n\t\n<\/div>\n<h2 class=\"wprm-recipe-name wprm-block-text-bold\">Ensalada de Orzo con Verduras Asadas de Invierno<\/h2>\n<div class=\"wprm-spacer\" style=\"height: 5px;\"><\/div>\n<div class=\"wprm-recipe-summary wprm-block-text-normal\">Esta sencilla ensalada de orzo con verduras asadas de invierno aprovecha al m\u00e1ximo los productos de esta temporada. Es f\u00e1cil de hacer con calabaza asada y coles de Bruselas, una sabrosa pasta de orzo a fuego lento y una vinagreta de lim\u00f3n. Esta ensalada de pasta con verduras puede ser un buen plato vegetariano o acompa\u00f1amiento de una sopa o s\u00e1ndwich.<\/div>\n<div class=\"wprm-spacer\"><\/div>\n<div class=\"wprm-recipe-meta-container wprm-recipe-times-container wprm-recipe-details-container wprm-recipe-details-container-table wprm-block-text-normal wprm-recipe-table-borders-top-bottom wprm-recipe-table-borders-inside\" style=\"border-width: 1px;border-style: solid;border-color: #777777;\"><div class=\"wprm-recipe-block-container wprm-recipe-block-container-table wprm-block-text-normal wprm-recipe-time-container wprm-recipe-prep-time-container\" style=\"border-width: 1px;border-style: solid;border-color: #777777;\"><span class=\"wprm-recipe-details-label wprm-block-text-faded wprm-recipe-time-label wprm-recipe-prep-time-label\">Preparaci\u00f3n<\/span><span class=\"wprm-recipe-time wprm-block-text-normal\"><span class=\"wprm-recipe-details wprm-recipe-details-minutes wprm-recipe-prep_time wprm-recipe-prep_time-minutes\">20<span class=\"sr-only screen-reader-text wprm-screen-reader-text\"> minutos<\/span><\/span> <span class=\"wprm-recipe-details-unit wprm-recipe-details-minutes wprm-recipe-prep_time-unit wprm-recipe-prep_timeunit-minutes\" aria-hidden=\"true\">minutos<\/span><\/span><\/div><div class=\"wprm-recipe-block-container wprm-recipe-block-container-table wprm-block-text-normal wprm-recipe-time-container wprm-recipe-cook-time-container\" style=\"border-width: 1px;border-style: solid;border-color: #777777;\"><span class=\"wprm-recipe-details-label wprm-block-text-faded wprm-recipe-time-label wprm-recipe-cook-time-label\">Cocci\u00f3n<\/span><span class=\"wprm-recipe-time wprm-block-text-normal\"><span class=\"wprm-recipe-details wprm-recipe-details-minutes wprm-recipe-cook_time wprm-recipe-cook_time-minutes\">40<span class=\"sr-only screen-reader-text wprm-screen-reader-text\"> minutos<\/span><\/span> <span class=\"wprm-recipe-details-unit wprm-recipe-details-minutes wprm-recipe-cook_time-unit wprm-recipe-cook_timeunit-minutes\" aria-hidden=\"true\">minutos<\/span><\/span><\/div><div class=\"wprm-recipe-block-container wprm-recipe-block-container-table wprm-block-text-normal wprm-recipe-time-container wprm-recipe-total-time-container\" style=\"border-width: 1px;border-style: solid;border-color: #777777;\"><span class=\"wprm-recipe-details-label wprm-block-text-faded wprm-recipe-time-label wprm-recipe-total-time-label\">Total<\/span><span class=\"wprm-recipe-time wprm-block-text-normal\"><span class=\"wprm-recipe-details wprm-recipe-details-hours wprm-recipe-total_time wprm-recipe-total_time-hours\">1<span class=\"sr-only screen-reader-text wprm-screen-reader-text\"> hora<\/span><\/span> <span class=\"wprm-recipe-details-unit wprm-recipe-details-unit-hours wprm-recipe-total_time-unit wprm-recipe-total_timeunit-hours\" aria-hidden=\"true\">hora<\/span><\/span><\/div><\/div>\n<div class=\"wprm-spacer\" style=\"height: 5px;\"><\/div>\n<div class=\"wprm-recipe-meta-container wprm-recipe-tags-container wprm-recipe-details-container wprm-recipe-details-container-inline wprm-block-text-normal\"><div class=\"wprm-recipe-block-container wprm-recipe-block-container-inline wprm-block-text-normal wprm-recipe-tag-container wprm-recipe-course-container\" style=\"\"><span class=\"wprm-recipe-details-label wprm-block-text-faded wprm-recipe-tag-label wprm-recipe-course-label\">Categor\u00eda: <\/span><span class=\"wprm-recipe-course wprm-block-text-normal\">acompa\u00f1amiento, Plato Principal<\/span><\/div><div class=\"wprm-recipe-block-container wprm-recipe-block-container-inline wprm-block-text-normal wprm-recipe-tag-container wprm-recipe-cuisine-container\" style=\"\"><span class=\"wprm-recipe-details-label wprm-block-text-faded wprm-recipe-tag-label wprm-recipe-cuisine-label\">Cocina: <\/span><span class=\"wprm-recipe-cuisine wprm-block-text-normal\">Italiana<\/span><\/div><div class=\"wprm-recipe-block-container wprm-recipe-block-container-inline wprm-block-text-normal wprm-recipe-tag-container wprm-recipe-keyword-container\" style=\"\"><span class=\"wprm-recipe-details-label wprm-block-text-faded wprm-recipe-tag-label wprm-recipe-keyword-label\">Palabra Clave: <\/span><span class=\"wprm-recipe-keyword wprm-block-text-normal\">Vegana<\/span><\/div><\/div>\n<div class=\"wprm-recipe-block-container wprm-recipe-block-container-inline wprm-block-text-normal wprm-recipe-servings-container\" style=\"\"><span class=\"wprm-recipe-details-label wprm-block-text-faded wprm-recipe-servings-label\">Raciones: <\/span><span class=\"wprm-recipe-servings wprm-recipe-details wprm-block-text-normal\">4<\/span><\/div>\n<div class=\"wprm-recipe-block-container wprm-recipe-block-container-inline wprm-block-text-normal wprm-recipe-nutrition-container wprm-recipe-calories-container\" style=\"\"><span class=\"wprm-recipe-details-label wprm-block-text-faded wprm-recipe-nutrition-label wprm-recipe-calories-label\">Calories: <\/span><span class=\"wprm-recipe-nutrition-with-unit\"><span class=\"wprm-recipe-details wprm-recipe-nutrition wprm-recipe-calories wprm-block-text-normal\">645<\/span><span class=\"wprm-recipe-details-unit wprm-recipe-nutrition-unit wprm-recipe-calories-unit wprm-block-text-normal\">kcal<\/span><\/span><\/div>\n<div class=\"wprm-recipe-block-container wprm-recipe-block-container-inline wprm-block-text-normal wprm-recipe-author-container\" style=\"\"><span class=\"wprm-recipe-details-label wprm-block-text-faded wprm-recipe-author-label\">Autor: <\/span><span class=\"wprm-recipe-details wprm-recipe-author wprm-block-text-normal\">Cilantro & Citronella<\/span><\/div>\n\n\n<div id=\"recipe-8470-ingredients\" class=\"wprm-recipe-ingredients-container wprm-recipe-8470-ingredients-container wprm-block-text-normal wprm-ingredient-style-regular wprm-recipe-images-before\" data-recipe=\"8470\" data-servings=\"4\"><h3 class=\"wprm-recipe-header wprm-recipe-ingredients-header wprm-block-text-bold wprm-align-left wprm-header-decoration-none\" style=\"\">Ingredientes<\/h3><div class=\"wprm-recipe-ingredient-group\"><h4 class=\"wprm-recipe-group-name wprm-recipe-ingredient-group-name wprm-block-text-bold\">Para las verduras<\/h4><ul class=\"wprm-recipe-ingredients\"><li class=\"wprm-recipe-ingredient\" style=\"list-style-type: disc;\"><span class=\"wprm-recipe-ingredient-amount\">Unos 265<\/span>&#32;<span class=\"wprm-recipe-ingredient-unit\">gramos<\/span>&#32;<span class=\"wprm-recipe-ingredient-name\">de calabaza <\/span>&#32;<span class=\"wprm-recipe-ingredient-notes wprm-recipe-ingredient-notes-faded\">cortada en cubos<\/span><\/li><li class=\"wprm-recipe-ingredient\" style=\"list-style-type: disc;\"><span class=\"wprm-recipe-ingredient-amount\">Unos 230<\/span>&#32;<span class=\"wprm-recipe-ingredient-unit\">gramos<\/span>&#32;<span class=\"wprm-recipe-ingredient-name\">de coles de Bruselas <\/span>&#32;<span class=\"wprm-recipe-ingredient-notes wprm-recipe-ingredient-notes-faded\">cortados en dos<\/span><\/li><li class=\"wprm-recipe-ingredient\" style=\"list-style-type: disc;\"><span class=\"wprm-recipe-ingredient-name\">Aceite de oliva<\/span><\/li><li class=\"wprm-recipe-ingredient\" style=\"list-style-type: disc;\"><span class=\"wprm-recipe-ingredient-name\">Sal y pimienta<\/span>&#32;<span class=\"wprm-recipe-ingredient-notes wprm-recipe-ingredient-notes-faded\">al gusto<\/span><\/li><\/ul><\/div><div class=\"wprm-recipe-ingredient-group\"><h4 class=\"wprm-recipe-group-name wprm-recipe-ingredient-group-name wprm-block-text-bold\">Para la vinagreta<\/h4><ul class=\"wprm-recipe-ingredients\"><li class=\"wprm-recipe-ingredient\" style=\"list-style-type: disc;\"><span class=\"wprm-recipe-ingredient-amount\">2<\/span>&#32;<span class=\"wprm-recipe-ingredient-unit\">cucharadas<\/span>&#32;<span class=\"wprm-recipe-ingredient-name\">de aceite de oliva<\/span><\/li><li class=\"wprm-recipe-ingredient\" style=\"list-style-type: disc;\"><span class=\"wprm-recipe-ingredient-amount\">2<\/span>&#32;<span class=\"wprm-recipe-ingredient-unit\">cucharadas<\/span>&#32;<span class=\"wprm-recipe-ingredient-name\">de zumo de lim\u00f3n<\/span><\/li><li class=\"wprm-recipe-ingredient\" style=\"list-style-type: disc;\"><span class=\"wprm-recipe-ingredient-name\">La piel de medio lim\u00f3n<\/span><\/li><li class=\"wprm-recipe-ingredient\" style=\"list-style-type: disc;\"><span class=\"wprm-recipe-ingredient-amount\">2<\/span>&#32;<span class=\"wprm-recipe-ingredient-unit\">cucharadas<\/span>&#32;<span class=\"wprm-recipe-ingredient-name\">de agave<\/span><\/li><li class=\"wprm-recipe-ingredient\" style=\"list-style-type: disc;\"><span class=\"wprm-recipe-ingredient-amount\">\u00bd<\/span>&#32;<span class=\"wprm-recipe-ingredient-unit\">cucharadita<\/span>&#32;<span class=\"wprm-recipe-ingredient-name\">de mostaza Dijon<\/span><\/li><li class=\"wprm-recipe-ingredient\" style=\"list-style-type: disc;\"><span class=\"wprm-recipe-ingredient-amount\">\u00bc<\/span>&#32;<span class=\"wprm-recipe-ingredient-unit\">cucharadita<\/span>&#32;<span class=\"wprm-recipe-ingredient-name\">de sal<\/span><\/li><\/ul><\/div><div class=\"wprm-recipe-ingredient-group\"><h4 class=\"wprm-recipe-group-name wprm-recipe-ingredient-group-name wprm-block-text-bold\">Para el orzo<\/h4><ul class=\"wprm-recipe-ingredients\"><li class=\"wprm-recipe-ingredient\" style=\"list-style-type: disc;\"><span class=\"wprm-recipe-ingredient-amount\">\u00bd<\/span>&#32;<span class=\"wprm-recipe-ingredient-unit\">cucharada<\/span>&#32;<span class=\"wprm-recipe-ingredient-name\">de aceite de oliva<\/span><\/li><li class=\"wprm-recipe-ingredient\" style=\"list-style-type: disc;\"><span class=\"wprm-recipe-ingredient-amount\">190<\/span>&#32;<span class=\"wprm-recipe-ingredient-unit\">gramos<\/span>&#32;<span class=\"wprm-recipe-ingredient-name\">de pasta orzo<\/span><\/li><li class=\"wprm-recipe-ingredient\" style=\"list-style-type: disc;\"><span class=\"wprm-recipe-ingredient-amount\">2<\/span>&#32;<span class=\"wprm-recipe-ingredient-unit\">dientes<\/span>&#32;<span class=\"wprm-recipe-ingredient-name\">de ajo<\/span>&#32;<span class=\"wprm-recipe-ingredient-notes wprm-recipe-ingredient-notes-faded\">picados<\/span><\/li><li class=\"wprm-recipe-ingredient\" style=\"list-style-type: disc;\"><span class=\"wprm-recipe-ingredient-amount\">480<\/span>&#32;<span class=\"wprm-recipe-ingredient-unit\">ml<\/span>&#32;<span class=\"wprm-recipe-ingredient-name\">de caldo de verduras<\/span><\/li><li class=\"wprm-recipe-ingredient\" style=\"list-style-type: disc;\"><span class=\"wprm-recipe-ingredient-name\">Un manojo peque\u00f1o de ar\u00e1ndanos rojos secos<\/span><\/li><li class=\"wprm-recipe-ingredient\" style=\"list-style-type: disc;\"><span class=\"wprm-recipe-ingredient-name\">Sal y pimienta<\/span>&#32;<span class=\"wprm-recipe-ingredient-notes wprm-recipe-ingredient-notes-faded\">al gusto<\/span><\/li><li class=\"wprm-recipe-ingredient\" style=\"list-style-type: disc;\"><span class=\"wprm-recipe-ingredient-name\">Opcional: Unas cucharadas de tu hierba preferida picada<\/span><\/li><\/ul><\/div><\/div>\n<div id=\"recipe-8470-instructions\" class=\"wprm-recipe-instructions-container wprm-recipe-8470-instructions-container wprm-block-text-normal\" data-recipe=\"8470\"><h3 class=\"wprm-recipe-header wprm-recipe-instructions-header wprm-block-text-bold wprm-align-left wprm-header-decoration-none\" style=\"\">Instrucciones<\/h3><div class=\"wprm-recipe-instruction-group\"><ul class=\"wprm-recipe-instructions\"><li id=\"wprm-recipe-8470-step-0-0\" class=\"wprm-recipe-instruction\" style=\"list-style-type: decimal;\"><div class=\"wprm-recipe-instruction-text\" style=\"margin-bottom: 5px;\">Precalentar el horno a 200 C.<\/div><\/li><li id=\"wprm-recipe-8470-step-0-1\" class=\"wprm-recipe-instruction\" style=\"list-style-type: decimal;\"><div class=\"wprm-recipe-instruction-text\" style=\"margin-bottom: 5px;\">Poner las verduras en una bandeja, rociar con aceite de oliva y salpimentar. Mezclar. Me gusta poner las coles de Bruselas con la parte cortada abajo. Hornear durante 30 a 40 minutos, removiendo una vez, hasta que est\u00e9n doradas.<\/div><\/li><li id=\"wprm-recipe-8470-step-0-2\" class=\"wprm-recipe-instruction\" style=\"list-style-type: decimal;\"><div class=\"wprm-recipe-instruction-text\" style=\"margin-bottom: 5px;\">Mientras tanto combinar todos los ingredientes para la vinagreta.<\/div><\/li><li id=\"wprm-recipe-8470-step-0-3\" class=\"wprm-recipe-instruction\" style=\"list-style-type: decimal;\"><div class=\"wprm-recipe-instruction-text\" style=\"margin-bottom: 5px;\">Calentar el aceite para el orzo en una sart\u00e9n a fuego medio. A\u00f1adir el orzo y tostar, removiendo frequentamente, durante unos minutos hasta que est\u00e9 rubio. A\u00f1adir el ajo y seguir tostando hasta que este dorado.<\/div><\/li><li id=\"wprm-recipe-8470-step-0-4\" class=\"wprm-recipe-instruction\" style=\"list-style-type: decimal;\"><div class=\"wprm-recipe-instruction-text\" style=\"margin-bottom: 5px;\">A\u00f1adir el caldo y llevar a ebullicion. Tapar y reducir el fuego a lento. Cocinar, removiendo de vez en cuando, hasta que el orzo est\u00e9 tierno y el liqu\u00eddo se haya absorbado. Si esta cocinando muy r\u00e1pido con mucho liqu\u00eddo restante, puedes destapar la sart\u00e9n.<\/div><\/li><li id=\"wprm-recipe-8470-step-0-5\" class=\"wprm-recipe-instruction\" style=\"list-style-type: decimal;\"><div class=\"wprm-recipe-instruction-text\" style=\"margin-bottom: 5px;\">Combinar las verduras asadas y el orzo en un bol. A\u00f1adir los ar\u00e1ndanos rojos secos y una pizca de sal y pimienta. Me gusta servir la vinagreta al lado para que cada persona pueda a\u00f1adir lo que quiera.Tambi\u00e9n puedes a\u00f1adir la vinagreta a la ensalada entera y mezclar. Decorar con tu hierba preferida.<\/div><\/li><\/ul><\/div><\/div>\n\n\n<\/div><\/div>","protected":false},"excerpt":{"rendered":"<p>Esta sencilla ensalada de orzo con verduras asadas de invierno aprovecha al m\u00e1ximo los productos de esta temporada. Es f\u00e1cil de hacer con calabaza asada y coles de Bruselas, una sabrosa pasta de orzo a fuego lento y una vinagreta de lim\u00f3n. Esta ensalada de pasta con verduras puede ser un buen plato vegetariano o...<\/p>\n<p><a class=\"more-link\" href=\"https:\/\/www.cilantroandcitronella.com\/es\/ensalada-de-orzo-con-verduras-asadas-de-invierno\/\">Read More<\/a><\/p>","protected":false},"author":1,"featured_media":6435,"comment_status":"open","ping_status":"closed","sticky":false,"template":"","format":"standard","meta":{"wprm-recipe-roundup-name":"","wprm-recipe-roundup-description":"","_genesis_hide_title":false,"_genesis_hide_breadcrumbs":false,"_genesis_hide_singular_image":false,"_genesis_hide_footer_widgets":false,"_genesis_custom_body_class":"","_genesis_custom_post_class":"","_genesis_layout":"","footnotes":""},"categories":[115],"tags":[],"class_list":{"0":"post-8469","1":"post","2":"type-post","3":"status-publish","4":"format-standard","5":"has-post-thumbnail","7":"category-italiano","8":"entry"},"yoast_head":"<!-- This site is optimized with the Yoast SEO plugin v24.6 - https:\/\/yoast.com\/wordpress\/plugins\/seo\/ -->\n<title>Ensalada de Orzo con Verduras Asadas de Invierno - Cilantro and Citronella<\/title>\n<meta name=\"description\" content=\"Esta ensalada de orzo es f\u00e1cil de hacer con calabaza asada y coles de Bruselas, una sabrosa pasta de orzo a fuego lento y una vinagreta de lim\u00f3n.\" \/>\n<meta name=\"robots\" content=\"index, follow, max-snippet:-1, max-image-preview:large, max-video-preview:-1\" \/>\n<link rel=\"canonical\" href=\"https:\/\/www.cilantroandcitronella.com\/es\/ensalada-de-orzo-con-verduras-asadas-de-invierno\/\" \/>\n<meta property=\"og:locale\" content=\"es_ES\" \/>\n<meta property=\"og:type\" content=\"article\" \/>\n<meta property=\"og:title\" content=\"Ensalada de Orzo con Verduras Asadas de Invierno - Cilantro and Citronella\" \/>\n<meta property=\"og:description\" content=\"Esta ensalada de orzo es f\u00e1cil de hacer con calabaza asada y coles de Bruselas, una sabrosa pasta de orzo a fuego lento y una vinagreta de lim\u00f3n.\" \/>\n<meta property=\"og:url\" content=\"https:\/\/www.cilantroandcitronella.com\/es\/ensalada-de-orzo-con-verduras-asadas-de-invierno\/\" \/>\n<meta property=\"og:site_name\" content=\"Cilantro and Citronella\" \/>\n<meta property=\"article:published_time\" content=\"2019-12-05T15:25:20+00:00\" \/>\n<meta property=\"article:modified_time\" content=\"2019-12-05T15:25:22+00:00\" \/>\n<meta property=\"og:image\" content=\"https:\/\/www.cilantroandcitronella.com\/wp-content\/uploads\/2019\/02\/roasted-winter-vegetable-orzo-salad-picture.jpg\" \/>\n\t<meta property=\"og:image:width\" content=\"740\" \/>\n\t<meta property=\"og:image:height\" content=\"1110\" \/>\n\t<meta property=\"og:image:type\" content=\"image\/jpeg\" \/>\n<meta name=\"author\" content=\"Melissa\" \/>\n<meta name=\"twitter:card\" content=\"summary_large_image\" \/>\n<meta name=\"twitter:creator\" content=\"@CilantroYCitron\" \/>\n<meta name=\"twitter:site\" content=\"@CilantroYCitron\" \/>\n<meta name=\"twitter:label1\" content=\"Escrito por\" \/>\n\t<meta name=\"twitter:data1\" content=\"Melissa\" \/>\n\t<meta name=\"twitter:label2\" content=\"Tiempo de lectura\" \/>\n\t<meta name=\"twitter:data2\" content=\"4 minutos\" \/>\n<script type=\"application\/ld+json\" class=\"yoast-schema-graph\">{\"@context\":\"https:\/\/schema.org\",\"@graph\":[{\"@type\":\"Article\",\"@id\":\"https:\/\/www.cilantroandcitronella.com\/es\/ensalada-de-orzo-con-verduras-asadas-de-invierno\/#article\",\"isPartOf\":{\"@id\":\"https:\/\/www.cilantroandcitronella.com\/es\/ensalada-de-orzo-con-verduras-asadas-de-invierno\/\"},\"author\":{\"name\":\"Melissa\",\"@id\":\"https:\/\/www.cilantroandcitronella.com\/#\/schema\/person\/b415fbf6a7f16681f9aaed613e16f272\"},\"headline\":\"Ensalada de Orzo con Verduras Asadas de Invierno\",\"datePublished\":\"2019-12-05T15:25:20+00:00\",\"dateModified\":\"2019-12-05T15:25:22+00:00\",\"mainEntityOfPage\":{\"@id\":\"https:\/\/www.cilantroandcitronella.com\/es\/ensalada-de-orzo-con-verduras-asadas-de-invierno\/\"},\"wordCount\":797,\"commentCount\":0,\"publisher\":{\"@id\":\"https:\/\/www.cilantroandcitronella.com\/#organization\"},\"image\":{\"@id\":\"https:\/\/www.cilantroandcitronella.com\/es\/ensalada-de-orzo-con-verduras-asadas-de-invierno\/#primaryimage\"},\"thumbnailUrl\":\"https:\/\/www.cilantroandcitronella.com\/wp-content\/uploads\/2019\/02\/roasted-winter-vegetable-orzo-salad-picture.jpg\",\"articleSection\":[\"Italiano\"],\"inLanguage\":\"es\",\"potentialAction\":[{\"@type\":\"CommentAction\",\"name\":\"Comment\",\"target\":[\"https:\/\/www.cilantroandcitronella.com\/es\/ensalada-de-orzo-con-verduras-asadas-de-invierno\/#respond\"]}]},{\"@type\":\"WebPage\",\"@id\":\"https:\/\/www.cilantroandcitronella.com\/es\/ensalada-de-orzo-con-verduras-asadas-de-invierno\/\",\"url\":\"https:\/\/www.cilantroandcitronella.com\/es\/ensalada-de-orzo-con-verduras-asadas-de-invierno\/\",\"name\":\"Ensalada de Orzo con Verduras Asadas de Invierno - Cilantro and Citronella\",\"isPartOf\":{\"@id\":\"https:\/\/www.cilantroandcitronella.com\/#website\"},\"primaryImageOfPage\":{\"@id\":\"https:\/\/www.cilantroandcitronella.com\/es\/ensalada-de-orzo-con-verduras-asadas-de-invierno\/#primaryimage\"},\"image\":{\"@id\":\"https:\/\/www.cilantroandcitronella.com\/es\/ensalada-de-orzo-con-verduras-asadas-de-invierno\/#primaryimage\"},\"thumbnailUrl\":\"https:\/\/www.cilantroandcitronella.com\/wp-content\/uploads\/2019\/02\/roasted-winter-vegetable-orzo-salad-picture.jpg\",\"datePublished\":\"2019-12-05T15:25:20+00:00\",\"dateModified\":\"2019-12-05T15:25:22+00:00\",\"description\":\"Esta ensalada de orzo es f\u00e1cil de hacer con calabaza asada y coles de Bruselas, una sabrosa pasta de orzo a fuego lento y una vinagreta de lim\u00f3n.\",\"breadcrumb\":{\"@id\":\"https:\/\/www.cilantroandcitronella.com\/es\/ensalada-de-orzo-con-verduras-asadas-de-invierno\/#breadcrumb\"},\"inLanguage\":\"es\",\"potentialAction\":[{\"@type\":\"ReadAction\",\"target\":[\"https:\/\/www.cilantroandcitronella.com\/es\/ensalada-de-orzo-con-verduras-asadas-de-invierno\/\"]}]},{\"@type\":\"ImageObject\",\"inLanguage\":\"es\",\"@id\":\"https:\/\/www.cilantroandcitronella.com\/es\/ensalada-de-orzo-con-verduras-asadas-de-invierno\/#primaryimage\",\"url\":\"https:\/\/www.cilantroandcitronella.com\/wp-content\/uploads\/2019\/02\/roasted-winter-vegetable-orzo-salad-picture.jpg\",\"contentUrl\":\"https:\/\/www.cilantroandcitronella.com\/wp-content\/uploads\/2019\/02\/roasted-winter-vegetable-orzo-salad-picture.jpg\",\"width\":740,\"height\":1110,\"caption\":\"Roasted winter vegetable orzo salad in a bowl with lemon vinaigrette drizzled over.\"},{\"@type\":\"BreadcrumbList\",\"@id\":\"https:\/\/www.cilantroandcitronella.com\/es\/ensalada-de-orzo-con-verduras-asadas-de-invierno\/#breadcrumb\",\"itemListElement\":[{\"@type\":\"ListItem\",\"position\":1,\"name\":\"Italiano\",\"item\":\"https:\/\/www.cilantroandcitronella.com\/es\/category\/italiano\/\"},{\"@type\":\"ListItem\",\"position\":2,\"name\":\"Ensalada de Orzo con Verduras Asadas de Invierno\"}]},{\"@type\":\"WebSite\",\"@id\":\"https:\/\/www.cilantroandcitronella.com\/#website\",\"url\":\"https:\/\/www.cilantroandcitronella.com\/\",\"name\":\"Cilantro and Citronella\",\"description\":\"Vegan Recipes - Recetas Veganas\",\"publisher\":{\"@id\":\"https:\/\/www.cilantroandcitronella.com\/#organization\"},\"potentialAction\":[{\"@type\":\"SearchAction\",\"target\":{\"@type\":\"EntryPoint\",\"urlTemplate\":\"https:\/\/www.cilantroandcitronella.com\/?s={search_term_string}\"},\"query-input\":{\"@type\":\"PropertyValueSpecification\",\"valueRequired\":true,\"valueName\":\"search_term_string\"}}],\"inLanguage\":\"es\"},{\"@type\":\"Organization\",\"@id\":\"https:\/\/www.cilantroandcitronella.com\/#organization\",\"name\":\"Cilantro and Citronella\",\"url\":\"https:\/\/www.cilantroandcitronella.com\/\",\"logo\":{\"@type\":\"ImageObject\",\"inLanguage\":\"es\",\"@id\":\"https:\/\/www.cilantroandcitronella.com\/#\/schema\/logo\/image\/\",\"url\":\"https:\/\/www.cilantroandcitronella.com\/wp-content\/uploads\/2021\/05\/CC-Featured-image.png\",\"contentUrl\":\"https:\/\/www.cilantroandcitronella.com\/wp-content\/uploads\/2021\/05\/CC-Featured-image.png\",\"width\":1200,\"height\":1200,\"caption\":\"Cilantro and Citronella\"},\"image\":{\"@id\":\"https:\/\/www.cilantroandcitronella.com\/#\/schema\/logo\/image\/\"},\"sameAs\":[\"https:\/\/x.com\/CilantroYCitron\"]},{\"@type\":\"Person\",\"@id\":\"https:\/\/www.cilantroandcitronella.com\/#\/schema\/person\/b415fbf6a7f16681f9aaed613e16f272\",\"name\":\"Melissa\",\"url\":\"https:\/\/www.cilantroandcitronella.com\/es\/author\/melissa\/\"}]}<\/script>\n<!-- \/ Yoast SEO plugin. -->","yoast_head_json":{"title":"Ensalada de Orzo con Verduras Asadas de Invierno - Cilantro and Citronella","description":"Esta ensalada de orzo es f\u00e1cil de hacer con calabaza asada y coles de Bruselas, una sabrosa pasta de orzo a fuego lento y una vinagreta de lim\u00f3n.","robots":{"index":"index","follow":"follow","max-snippet":"max-snippet:-1","max-image-preview":"max-image-preview:large","max-video-preview":"max-video-preview:-1"},"canonical":"https:\/\/www.cilantroandcitronella.com\/es\/ensalada-de-orzo-con-verduras-asadas-de-invierno\/","og_locale":"es_ES","og_type":"article","og_title":"Ensalada de Orzo con Verduras Asadas de Invierno - Cilantro and Citronella","og_description":"Esta ensalada de orzo es f\u00e1cil de hacer con calabaza asada y coles de Bruselas, una sabrosa pasta de orzo a fuego lento y una vinagreta de lim\u00f3n.","og_url":"https:\/\/www.cilantroandcitronella.com\/es\/ensalada-de-orzo-con-verduras-asadas-de-invierno\/","og_site_name":"Cilantro and Citronella","article_published_time":"2019-12-05T15:25:20+00:00","article_modified_time":"2019-12-05T15:25:22+00:00","og_image":[{"width":740,"height":1110,"url":"https:\/\/www.cilantroandcitronella.com\/wp-content\/uploads\/2019\/02\/roasted-winter-vegetable-orzo-salad-picture.jpg","type":"image\/jpeg"}],"author":"Melissa","twitter_card":"summary_large_image","twitter_creator":"@CilantroYCitron","twitter_site":"@CilantroYCitron","twitter_misc":{"Escrito por":"Melissa","Tiempo de lectura":"4 minutos"},"schema":{"@context":"https:\/\/schema.org","@graph":[{"@type":"Article","@id":"https:\/\/www.cilantroandcitronella.com\/es\/ensalada-de-orzo-con-verduras-asadas-de-invierno\/#article","isPartOf":{"@id":"https:\/\/www.cilantroandcitronella.com\/es\/ensalada-de-orzo-con-verduras-asadas-de-invierno\/"},"author":{"name":"Melissa","@id":"https:\/\/www.cilantroandcitronella.com\/#\/schema\/person\/b415fbf6a7f16681f9aaed613e16f272"},"headline":"Ensalada de Orzo con Verduras Asadas de Invierno","datePublished":"2019-12-05T15:25:20+00:00","dateModified":"2019-12-05T15:25:22+00:00","mainEntityOfPage":{"@id":"https:\/\/www.cilantroandcitronella.com\/es\/ensalada-de-orzo-con-verduras-asadas-de-invierno\/"},"wordCount":797,"commentCount":0,"publisher":{"@id":"https:\/\/www.cilantroandcitronella.com\/#organization"},"image":{"@id":"https:\/\/www.cilantroandcitronella.com\/es\/ensalada-de-orzo-con-verduras-asadas-de-invierno\/#primaryimage"},"thumbnailUrl":"https:\/\/www.cilantroandcitronella.com\/wp-content\/uploads\/2019\/02\/roasted-winter-vegetable-orzo-salad-picture.jpg","articleSection":["Italiano"],"inLanguage":"es","potentialAction":[{"@type":"CommentAction","name":"Comment","target":["https:\/\/www.cilantroandcitronella.com\/es\/ensalada-de-orzo-con-verduras-asadas-de-invierno\/#respond"]}]},{"@type":"WebPage","@id":"https:\/\/www.cilantroandcitronella.com\/es\/ensalada-de-orzo-con-verduras-asadas-de-invierno\/","url":"https:\/\/www.cilantroandcitronella.com\/es\/ensalada-de-orzo-con-verduras-asadas-de-invierno\/","name":"Ensalada de Orzo con Verduras Asadas de Invierno - Cilantro and Citronella","isPartOf":{"@id":"https:\/\/www.cilantroandcitronella.com\/#website"},"primaryImageOfPage":{"@id":"https:\/\/www.cilantroandcitronella.com\/es\/ensalada-de-orzo-con-verduras-asadas-de-invierno\/#primaryimage"},"image":{"@id":"https:\/\/www.cilantroandcitronella.com\/es\/ensalada-de-orzo-con-verduras-asadas-de-invierno\/#primaryimage"},"thumbnailUrl":"https:\/\/www.cilantroandcitronella.com\/wp-content\/uploads\/2019\/02\/roasted-winter-vegetable-orzo-salad-picture.jpg","datePublished":"2019-12-05T15:25:20+00:00","dateModified":"2019-12-05T15:25:22+00:00","description":"Esta ensalada de orzo es f\u00e1cil de hacer con calabaza asada y coles de Bruselas, una sabrosa pasta de orzo a fuego lento y una vinagreta de lim\u00f3n.","breadcrumb":{"@id":"https:\/\/www.cilantroandcitronella.com\/es\/ensalada-de-orzo-con-verduras-asadas-de-invierno\/#breadcrumb"},"inLanguage":"es","potentialAction":[{"@type":"ReadAction","target":["https:\/\/www.cilantroandcitronella.com\/es\/ensalada-de-orzo-con-verduras-asadas-de-invierno\/"]}]},{"@type":"ImageObject","inLanguage":"es","@id":"https:\/\/www.cilantroandcitronella.com\/es\/ensalada-de-orzo-con-verduras-asadas-de-invierno\/#primaryimage","url":"https:\/\/www.cilantroandcitronella.com\/wp-content\/uploads\/2019\/02\/roasted-winter-vegetable-orzo-salad-picture.jpg","contentUrl":"https:\/\/www.cilantroandcitronella.com\/wp-content\/uploads\/2019\/02\/roasted-winter-vegetable-orzo-salad-picture.jpg","width":740,"height":1110,"caption":"Roasted winter vegetable orzo salad in a bowl with lemon vinaigrette drizzled over."},{"@type":"BreadcrumbList","@id":"https:\/\/www.cilantroandcitronella.com\/es\/ensalada-de-orzo-con-verduras-asadas-de-invierno\/#breadcrumb","itemListElement":[{"@type":"ListItem","position":1,"name":"Italiano","item":"https:\/\/www.cilantroandcitronella.com\/es\/category\/italiano\/"},{"@type":"ListItem","position":2,"name":"Ensalada de Orzo con Verduras Asadas de Invierno"}]},{"@type":"WebSite","@id":"https:\/\/www.cilantroandcitronella.com\/#website","url":"https:\/\/www.cilantroandcitronella.com\/","name":"Cilantro and Citronella","description":"Vegan Recipes - Recetas Veganas","publisher":{"@id":"https:\/\/www.cilantroandcitronella.com\/#organization"},"potentialAction":[{"@type":"SearchAction","target":{"@type":"EntryPoint","urlTemplate":"https:\/\/www.cilantroandcitronella.com\/?s={search_term_string}"},"query-input":{"@type":"PropertyValueSpecification","valueRequired":true,"valueName":"search_term_string"}}],"inLanguage":"es"},{"@type":"Organization","@id":"https:\/\/www.cilantroandcitronella.com\/#organization","name":"Cilantro and Citronella","url":"https:\/\/www.cilantroandcitronella.com\/","logo":{"@type":"ImageObject","inLanguage":"es","@id":"https:\/\/www.cilantroandcitronella.com\/#\/schema\/logo\/image\/","url":"https:\/\/www.cilantroandcitronella.com\/wp-content\/uploads\/2021\/05\/CC-Featured-image.png","contentUrl":"https:\/\/www.cilantroandcitronella.com\/wp-content\/uploads\/2021\/05\/CC-Featured-image.png","width":1200,"height":1200,"caption":"Cilantro and Citronella"},"image":{"@id":"https:\/\/www.cilantroandcitronella.com\/#\/schema\/logo\/image\/"},"sameAs":["https:\/\/x.com\/CilantroYCitron"]},{"@type":"Person","@id":"https:\/\/www.cilantroandcitronella.com\/#\/schema\/person\/b415fbf6a7f16681f9aaed613e16f272","name":"Melissa","url":"https:\/\/www.cilantroandcitronella.com\/es\/author\/melissa\/"}]}},"mv":{"thumbnail_id":6435,"thumbnail_uri":"https:\/\/www.cilantroandcitronella.com\/wp-content\/uploads\/2019\/02\/roasted-winter-vegetable-orzo-salad-picture.jpg"},"_links":{"self":[{"href":"https:\/\/www.cilantroandcitronella.com\/es\/wp-json\/wp\/v2\/posts\/8469\/"}],"collection":[{"href":"https:\/\/www.cilantroandcitronella.com\/es\/wp-json\/wp\/v2\/posts\/"}],"about":[{"href":"https:\/\/www.cilantroandcitronella.com\/es\/wp-json\/wp\/v2\/types\/post\/"}],"author":[{"embeddable":true,"href":"https:\/\/www.cilantroandcitronella.com\/es\/wp-json\/wp\/v2\/users\/1\/"}],"replies":[{"embeddable":true,"href":"https:\/\/www.cilantroandcitronella.com\/es\/wp-json\/wp\/v2\/comments\/?post=8469"}],"version-history":[{"count":1,"href":"https:\/\/www.cilantroandcitronella.com\/es\/wp-json\/wp\/v2\/posts\/8469\/revisions\/"}],"predecessor-version":[{"id":8472,"href":"https:\/\/www.cilantroandcitronella.com\/es\/wp-json\/wp\/v2\/posts\/8469\/revisions\/8472\/"}],"wp:featuredmedia":[{"embeddable":true,"href":"https:\/\/www.cilantroandcitronella.com\/es\/wp-json\/wp\/v2\/media\/6435\/"}],"wp:attachment":[{"href":"https:\/\/www.cilantroandcitronella.com\/es\/wp-json\/wp\/v2\/media\/?parent=8469"}],"wp:term":[{"taxonomy":"category","embeddable":true,"href":"https:\/\/www.cilantroandcitronella.com\/es\/wp-json\/wp\/v2\/categories\/?post=8469"},{"taxonomy":"post_tag","embeddable":true,"href":"https:\/\/www.cilantroandcitronella.com\/es\/wp-json\/wp\/v2\/tags\/?post=8469"}],"curies":[{"name":"wp","href":"https:\/\/api.w.org\/{rel}","templated":true}]}}